{"id":16349,"date":"2026-08-31T08:47:26","date_gmt":"2026-08-31T07:47:26","guid":{"rendered":"https:\/\/busot.es\/publica\/?p=16349"},"modified":"2026-08-31T08:47:26","modified_gmt":"2026-08-31T07:47:26","slug":"n-ref-exp-749-2026-convocatoria-de-subvenciones-a-ayuntamientos-de-municipios-con-poblacion-inferior-a-20-000-habitantes-entidades-de-ambito-territorial-inferior-al-municipio-e-a-t-i-m-y-manco","status":"publish","type":"post","link":"https:\/\/busot.es\/publica\/2026\/08\/31\/n-ref-exp-749-2026-convocatoria-de-subvenciones-a-ayuntamientos-de-municipios-con-poblacion-inferior-a-20-000-habitantes-entidades-de-ambito-territorial-inferior-al-municipio-e-a-t-i-m-y-manco\/","title":{"rendered":"N\/Ref.: Exp. 749\/2026. Convocatoria de subvenciones a Ayuntamientos de municipios con poblaci\u00f3n inferior a 20.000 habitantes, entidades de \u00e1mbito territorial inferior al municipio (E.A.T.I.M.) y mancomunidades de la provincia de Alicante, para la realizaci\u00f3n de actividades de promoci\u00f3n social dirigidas a colectivos vulnerables y la adquisici\u00f3n de equipamiento y veh\u00edculos, anualidad 2026"},"content":{"rendered":"<p><img loading=\"lazy\" decoding=\"async\" class=\"aligncenter size-full wp-image-14973\" src=\"https:\/\/busot.es\/publica\/wp-content\/uploads\/2022\/05\/diputacion_alicante.png\" alt=\"\" width=\"200\" height=\"186\" \/><\/p>\n<p>Asunto: CONCESI\u00d3N DE SUBVENCI\u00d3N.<\/p>\n<p>ANUNCIO<\/p>\n<p>Por Decreto de la Sra. Diputada de Bienestar Social e Igualdad, n\u00famero 3.906, de 28 de agosto de 2026, se concedi\u00f3 al Ayuntamiento de Busot las siguientes subvenciones, en el marco de la convocatoria destinada a Ayuntamientos de municipios con poblaci\u00f3n inferior a 20.000 habitantes, entidades de \u00e1mbito territorial inferior al municipio (E.A.T.I.M.) y mancomunidades de la provincia de Alicante, para la realizaci\u00f3n de actividades de promoci\u00f3n social dirigidas a colectivos vulnerables y la adquisici\u00f3n de equipamiento y veh\u00edculos, anualidad 2026.<\/p>\n<p>Sillas y pizarra multimedia digital: 5.101,37 \u20ac<\/p>\n<p>Lo que se publica para general conocimiento.<\/p>\n","protected":false},"excerpt":{"rendered":"<p>Asunto: CONCESI\u00d3N DE SUBVENCI\u00d3N. ANUNCIO Por Decreto de la Sra. Diputada de Bienestar Social e Igualdad, n\u00famero 3.906, de 28 de agosto de 2026, se concedi\u00f3 al Ayuntamiento de Busot las siguientes subvenciones, en el marco de la convocatoria destinada a Ayuntamientos de municipios con poblaci\u00f3n inferior a 20.000 habitantes, entidades de \u00e1mbito territorial inferior [&hellip;]<\/p>\n","protected":false},"author":3,"featured_media":14973,"comment_status":"open","ping_status":"closed","sticky":false,"template":"","format":"standard","meta":{"_monsterinsights_skip_tracking":false,"footnotes":""},"categories":[41],"tags":[],"class_list":["post-16349","post","type-post","status-publish","format-standard","has-post-thumbnail","hentry","category-subvenciones"],"_links":{"self":[{"href":"https:\/\/busot.es\/publica\/wp-json\/wp\/v2\/posts\/16349","targetHints":{"allow":["GET"]}}],"collection":[{"href":"https:\/\/busot.es\/publica\/wp-json\/wp\/v2\/posts"}],"about":[{"href":"https:\/\/busot.es\/publica\/wp-json\/wp\/v2\/types\/post"}],"author":[{"embeddable":true,"href":"https:\/\/busot.es\/publica\/wp-json\/wp\/v2\/users\/3"}],"replies":[{"embeddable":true,"href":"https:\/\/busot.es\/publica\/wp-json\/wp\/v2\/comments?post=16349"}],"version-history":[{"count":1,"href":"https:\/\/busot.es\/publica\/wp-json\/wp\/v2\/posts\/16349\/revisions"}],"predecessor-version":[{"id":16350,"href":"https:\/\/busot.es\/publica\/wp-json\/wp\/v2\/posts\/16349\/revisions\/16350"}],"wp:featuredmedia":[{"embeddable":true,"href":"https:\/\/busot.es\/publica\/wp-json\/wp\/v2\/media\/14973"}],"wp:attachment":[{"href":"https:\/\/busot.es\/publica\/wp-json\/wp\/v2\/media?parent=16349"}],"wp:term":[{"taxonomy":"category","embeddable":true,"href":"https:\/\/busot.es\/publica\/wp-json\/wp\/v2\/categories?post=16349"},{"taxonomy":"post_tag","embeddable":true,"href":"https:\/\/busot.es\/publica\/wp-json\/wp\/v2\/tags?post=16349"}],"curies":[{"name":"wp","href":"https:\/\/api.w.org\/{rel}","templated":true}]}}