{"id":15620,"date":"2025-01-31T07:29:18","date_gmt":"2025-01-31T06:29:18","guid":{"rendered":"https:\/\/busot.es\/publica\/?p=15620"},"modified":"2025-01-31T07:29:18","modified_gmt":"2025-01-31T06:29:18","slug":"exp-1410-2024-concesion-de-subvencion","status":"publish","type":"post","link":"https:\/\/busot.es\/publica\/2025\/01\/31\/exp-1410-2024-concesion-de-subvencion\/","title":{"rendered":"Exp. 1410\/2024 &#8211; CONCESI\u00d3N DE SUBVENCI\u00d3N."},"content":{"rendered":"<p><img loading=\"lazy\" decoding=\"async\" class=\"aligncenter size-full wp-image-15621\" src=\"https:\/\/busot.es\/publica\/wp-content\/uploads\/2025\/01\/Untitled-8.jpg\" alt=\"\" width=\"1444\" height=\"203\" srcset=\"https:\/\/busot.es\/publica\/wp-content\/uploads\/2025\/01\/Untitled-8.jpg 1444w, https:\/\/busot.es\/publica\/wp-content\/uploads\/2025\/01\/Untitled-8-300x42.jpg 300w, https:\/\/busot.es\/publica\/wp-content\/uploads\/2025\/01\/Untitled-8-1024x144.jpg 1024w, https:\/\/busot.es\/publica\/wp-content\/uploads\/2025\/01\/Untitled-8-768x108.jpg 768w\" sizes=\"(max-width: 1444px) 100vw, 1444px\" \/><\/p>\n<p>Por Resoluci\u00f3n de 22 de noviembre de 2024, por la que se conceden las ayudas destinadas a entidades locales, en el ejercicio 2024, para el desarrollo de los proyectos de servicios de cuidado profesional para familias con hijas e hijos de hasta diecis\u00e9is a\u00f1os, creaci\u00f3n de empleo de calidad en el sector de las curas y acciones de formaci\u00f3n y sensibilizaci\u00f3n en corresponsabilidad y curas destinadas a impulsar la transformaci\u00f3n de las masculinidades hacia modelos corresponsables (plan \u201cCorresponsables\u201d), se elev\u00f3 la propuesta de resoluci\u00f3n, resolviendo conceder al Ayuntamiento de Busot, una subvenci\u00f3n por importe global de 56.790,16 \u20ac, que han sido destinados los siguientes programas:<\/p>\n<p>1. Proyectos de servicios de cuidado profesional par familias con hijas e hijos de hasta diecis\u00e9is a\u00f1os de edad y creaci\u00f3n de empleo de calidad, expte. PLACOR\/2024\/70\/03, programa \u201cCampus de<br \/>\nNavidad de Busot 2024 y 2025\u201d por importe de 55.086,46 euros.<\/p>\n<p>2. Acciones de formaci\u00f3n y sensibilizaci\u00f3n en corresponsabilidad y cuidados destinadas a impulsar la transformaci\u00f3n de las masculinidades hacia modelos corresponsables e implicados con la<br \/>\nigualdad entre mujeres y hombres, expte. PLACOR\/2024\/136\/03, programa \u201cFormaci\u00f3n en corresponsabilidad 2025\u201d por importe de 1.703,70 \u20ac.<\/p>\n<p>Para la convocatoria de esta subvenci\u00f3n existe cr\u00e9dito disponible en la aplicaci\u00f3n presupuestaria G01160201GE00000.323A00.4, l\u00ednea de subvenci\u00f3n S1477, \u00abPlan Corresponsables\u00bb, del presupuesto de la Generalitat 2024, por un importe disponible para cada tipo de proyecto que asciende a 16.022.837,90 euros para servicios de cuidado profesional y 495.551,69 euros para acciones de formaci\u00f3n y sensibilizaci\u00f3n en corresponsabilidad y cuidados, de conformidad con el ordeno quinto de la orden de bases y convocatoria, Orden 6\/2024 de 25 de julio de 2024, de la Vicepresidencia y Conseller\u00eda de Servicios Sociales, Igualdad y Vivienda.<\/p>\n<p>Lo que se publica para general conocimiento.<\/p>\n","protected":false},"excerpt":{"rendered":"<p>Por Resoluci\u00f3n de 22 de noviembre de 2024, por la que se conceden las ayudas destinadas a entidades locales, en el ejercicio 2024, para el desarrollo de los proyectos de servicios de cuidado profesional para familias con hijas e hijos de hasta diecis\u00e9is a\u00f1os, creaci\u00f3n de empleo de calidad en el sector de las curas [&hellip;]<\/p>\n","protected":false},"author":3,"featured_media":15621,"comment_status":"open","ping_status":"closed","sticky":false,"template":"","format":"standard","meta":{"_monsterinsights_skip_tracking":false,"_monsterinsights_sitenote_active":false,"_monsterinsights_sitenote_note":"","_monsterinsights_sitenote_category":0,"footnotes":""},"categories":[41],"tags":[],"_links":{"self":[{"href":"https:\/\/busot.es\/publica\/wp-json\/wp\/v2\/posts\/15620"}],"collection":[{"href":"https:\/\/busot.es\/publica\/wp-json\/wp\/v2\/posts"}],"about":[{"href":"https:\/\/busot.es\/publica\/wp-json\/wp\/v2\/types\/post"}],"author":[{"embeddable":true,"href":"https:\/\/busot.es\/publica\/wp-json\/wp\/v2\/users\/3"}],"replies":[{"embeddable":true,"href":"https:\/\/busot.es\/publica\/wp-json\/wp\/v2\/comments?post=15620"}],"version-history":[{"count":1,"href":"https:\/\/busot.es\/publica\/wp-json\/wp\/v2\/posts\/15620\/revisions"}],"predecessor-version":[{"id":15622,"href":"https:\/\/busot.es\/publica\/wp-json\/wp\/v2\/posts\/15620\/revisions\/15622"}],"wp:featuredmedia":[{"embeddable":true,"href":"https:\/\/busot.es\/publica\/wp-json\/wp\/v2\/media\/15621"}],"wp:attachment":[{"href":"https:\/\/busot.es\/publica\/wp-json\/wp\/v2\/media?parent=15620"}],"wp:term":[{"taxonomy":"category","embeddable":true,"href":"https:\/\/busot.es\/publica\/wp-json\/wp\/v2\/categories?post=15620"},{"taxonomy":"post_tag","embeddable":true,"href":"https:\/\/busot.es\/publica\/wp-json\/wp\/v2\/tags?post=15620"}],"curies":[{"name":"wp","href":"https:\/\/api.w.org\/{rel}","templated":true}]}}