{"id":15351,"date":"2023-08-16T14:01:35","date_gmt":"2023-08-16T13:01:35","guid":{"rendered":"https:\/\/busot.es\/publica\/?p=15351"},"modified":"2023-08-16T14:01:35","modified_gmt":"2023-08-16T13:01:35","slug":"exp-578-2032-convocatoria-de-subvenciones-campana-musica-de-orquestas-ensembles-dolcaina-i-tabal-plectro-y-pua-y-corales-2023-linea-1-y-4","status":"publish","type":"post","link":"https:\/\/busot.es\/publica\/2023\/08\/16\/exp-578-2032-convocatoria-de-subvenciones-campana-musica-de-orquestas-ensembles-dolcaina-i-tabal-plectro-y-pua-y-corales-2023-linea-1-y-4\/","title":{"rendered":"Exp.: 578\/2032 CONVOCATORIA DE SUBVENCIONES CAMPA\u00d1A MUSICA DE ORQUESTAS, ENSEMBLES, DOL\u00c7AINA I TABAL, PLECTRO Y PUA Y CORALES 2023. LINEA 1 y 4"},"content":{"rendered":"<p><img loading=\"lazy\" decoding=\"async\" class=\"aligncenter size-full wp-image-14973\" src=\"https:\/\/busot.es\/publica\/wp-content\/uploads\/2022\/05\/diputacion_alicante.png\" alt=\"\" width=\"200\" height=\"186\" \/><\/p>\n<p>Asunto: CONCESI\u00d3N DE SUBVENCI\u00d3N.<\/p>\n<p>ANUNCIO<\/p>\n<p>Por Decreto del Sr. Diputado de Cultura, Contrataci\u00f3n y Residentes internacionales n\u00fam 2023-3491, de fecha 8 de agosto de 2023, resolvi\u00f3 conceder dentro de la Convocatoria de Subvenciones a Ayuntamientos denominada \u201cCampa\u00f1a de m\u00fasica de orquestas y emsembles sinf\u00f3nicos, dol\u00e7aina i tabal, plectro i pua i corales, en municipio de la provincia de Alicante. Anualidad 2023\u201d, ha concedido al AYUNTAMIENTO DE BUSOT con CIF P0304600J las siguientes subvenciones:<\/p>\n<ul>\n<li>L\u00ednea 1(Sinf\u00f3nicas, sinf\u00f3nicas j\u00f3venes y universitarias y ensembles sinf\u00f3nicos de viento, percusi\u00f3n o cuerda) una subvenci\u00f3n por importe de 4.500,00 euros, con un porcentaje de<br \/>\nsubvenci\u00f3n del 90% para el concierto a cargo de \u201cAsociaci\u00f3n Orquesta Virtu\u00f3s Mediterrani\u201d.<\/li>\n<li>Linea 4(Grupos corales) una subvenci\u00f3n por importe de 500,00 euros, con un porcentaje de subvenci\u00f3n del 100%, para el concierto \u201cCoral Nuevo Amanecer de la Soc. Musical La paz\u201d.<\/li>\n<\/ul>\n<p>Lo que se publica para general conocimiento.<\/p>\n<p>&nbsp;<\/p>\n","protected":false},"excerpt":{"rendered":"<p>Asunto: CONCESI\u00d3N DE SUBVENCI\u00d3N. ANUNCIO Por Decreto del Sr. Diputado de Cultura, Contrataci\u00f3n y Residentes internacionales n\u00fam 2023-3491, de fecha 8 de agosto de 2023, resolvi\u00f3 conceder dentro de la Convocatoria de Subvenciones a Ayuntamientos denominada \u201cCampa\u00f1a de m\u00fasica de orquestas y emsembles sinf\u00f3nicos, dol\u00e7aina i tabal, plectro i pua i corales, en municipio de [&hellip;]<\/p>\n","protected":false},"author":3,"featured_media":14973,"comment_status":"open","ping_status":"closed","sticky":false,"template":"","format":"standard","meta":{"_monsterinsights_skip_tracking":false,"_monsterinsights_sitenote_active":false,"_monsterinsights_sitenote_note":"","_monsterinsights_sitenote_category":0,"footnotes":""},"categories":[41],"tags":[],"_links":{"self":[{"href":"https:\/\/busot.es\/publica\/wp-json\/wp\/v2\/posts\/15351"}],"collection":[{"href":"https:\/\/busot.es\/publica\/wp-json\/wp\/v2\/posts"}],"about":[{"href":"https:\/\/busot.es\/publica\/wp-json\/wp\/v2\/types\/post"}],"author":[{"embeddable":true,"href":"https:\/\/busot.es\/publica\/wp-json\/wp\/v2\/users\/3"}],"replies":[{"embeddable":true,"href":"https:\/\/busot.es\/publica\/wp-json\/wp\/v2\/comments?post=15351"}],"version-history":[{"count":1,"href":"https:\/\/busot.es\/publica\/wp-json\/wp\/v2\/posts\/15351\/revisions"}],"predecessor-version":[{"id":15352,"href":"https:\/\/busot.es\/publica\/wp-json\/wp\/v2\/posts\/15351\/revisions\/15352"}],"wp:featuredmedia":[{"embeddable":true,"href":"https:\/\/busot.es\/publica\/wp-json\/wp\/v2\/media\/14973"}],"wp:attachment":[{"href":"https:\/\/busot.es\/publica\/wp-json\/wp\/v2\/media?parent=15351"}],"wp:term":[{"taxonomy":"category","embeddable":true,"href":"https:\/\/busot.es\/publica\/wp-json\/wp\/v2\/categories?post=15351"},{"taxonomy":"post_tag","embeddable":true,"href":"https:\/\/busot.es\/publica\/wp-json\/wp\/v2\/tags?post=15351"}],"curies":[{"name":"wp","href":"https:\/\/api.w.org\/{rel}","templated":true}]}}