{"id":14168,"date":"2019-06-25T21:14:42","date_gmt":"2019-06-25T20:14:42","guid":{"rendered":"https:\/\/busot.es\/publica\/2019\/06\/25\/busot-sanidad\/"},"modified":"2019-06-25T21:14:42","modified_gmt":"2019-06-25T20:14:42","slug":"busot-sanidad","status":"publish","type":"post","link":"https:\/\/busot.es\/publica\/2019\/06\/25\/busot-sanidad\/","title":{"rendered":"BUSOT SANIDAD"},"content":{"rendered":"[ad_1]\nBUSOT SANIDAD<\/p>\n<p>Plan de choque contra la aparici\u00f3n de cucarachas en algunos puntos del t\u00e9rmino municipal, debido al incremento de las temperaturas. A partir de ma\u00f1ana mi\u00e9rcoles, d\u00eda 26, la Comunitat Valenciana, al igual que la mayor parte de la Pen\u00ednsula y Baleares<br \/>\nse ver\u00e1 afectada por la llegada de una masa de aire tropical continental, que llegar\u00e1 despu\u00e9s de un extenso recorrido por el<br \/>\nnorte de \u00c1frica y se caracteriza por ser muy c\u00e1lida, muy seca y con polvo en suspensi\u00f3n.<br \/>\nEl tratamiento anti plagas, con cipermetrina autorizado para uso ambiental, ya se ha realizado en El Carril y en el Llano de los Pastores, donde m\u00e1s avisos se hab\u00edan recibido. En los pr\u00f3ximos d\u00edas se tratar\u00e1 el resto del t\u00e9rmino Municipal.<br \/>\nOs dejamos unos consejos para combatir la ola de calor.<\/p>\n<p> <a href=\"https:\/\/www.facebook.com\/hashtag\/Busotsanidad\">#Busotsanidad<\/a><br \/>\n <a href=\"https:\/\/www.facebook.com\/hashtag\/Busotservicios\">#Busotservicios<\/a><br \/>\n <a href=\"https:\/\/www.facebook.com\/hashtag\/Busotmedioambiente\">#Busotmedioambiente<\/a> <\/p>\n<p>BUSOT SANITAT<\/p>\n<p>Pla de xoc contra l&#8217;aparici\u00f3 de paneroles en alguns punts del terme municipal, a causa de l&#8217;increment de les temperatures. A partir de dem\u00e0 dimecres, dia 26, la Comunitat Valenciana, igual que la major part de la Pen\u00ednsula i Balears<br \/>\nes veur\u00e0 afectada per l&#8217;arribada d&#8217;una massa d&#8217;aire tropical continental, que arribar\u00e0 despr\u00e9s d&#8217;un extens recorregut pel<br \/>\nnord d&#8217;\u00c0frica i es caracteritza per ser molt c\u00e0lida, molt seca i amb pols en suspensi\u00f3.<br \/>\nEl tractament anti plagues, amb *cipermetrina autoritzat per a \u00fas ambiental, ja s&#8217;ha realitzat en El Carril i en el Pla dels Pastors, on m\u00e9s avisos s&#8217;havien rebut. En els pr\u00f2xims dies es tractar\u00e0 la resta del terme Municipal.<br \/>\nUs deixem uns consells per a combatre l&#8217;onada de calor.<\/p>\n<p>BUSOT HEALTH <\/p>\n<p>Crash plan against the appearance of cockroaches in some points of the municipal district, due to the increase in temperatures. Starting tomorrow, Wednesday, the 26th, the Comunitat Valenciana, as well as most of the Peninsula and the Balearic Islands It has been announced by the arrival of a mass of continental tropical air, which will be released after an extensive tour of the North Africa and the protection of the skin. The treatment against pests, with the authorization of environmental use, has been carried out in El Carril and Llano de los Pastores, where more notices have been received. In the next days the rest of the municipal term will be treated. We leave you some tips to combat the heat wave. Advice to the population: &#8211; Beware of the sun between 12 noon and 4 pm, avoid physical exercises in the hottest hours. &#8211; Use suitable protective creams. &#8211; Drink plenty of water, suppress alcohol and caffeine. &#8211; Take into account the maximum caution in vehicles, do not leave anyone inside, not even pets. &#8211; Extreme care with more sensitive, elderly, sick and children, ensure proper hydration. &#8211; And finally, be alert to the rules and recommendations regarding the prevention of forest fires. For more information, you can also check the website of 1.1.2 CV www.112cv.gva.es and on twitter @ GVA112.<\/p>\n<p><img decoding=\"async\" class=\"wp_automatic_fb_img\" title=\"\" src=\"https:\/\/scontent.xx.fbcdn.net\/v\/t1.0-9\/65669446_2273655816060579_3857382120779415552_n.jpg?_nc_cat=106&#038;_nc_oc=AQlZppvs069qzS3AItvoBMxoql2SlPTAn6Or8yEIdKC2dDrYIUO0AIOCEHSCepKpDy5uRcU_EE4KbIGGK7sonp-J&#038;_nc_ht=scontent.xx&#038;oh=8ca30ca717bf5447235dd03473ef3404&#038;oe=5D7D9149\" \/><br \/><img decoding=\"async\" class=\"wp_automatic_fb_img\" title=\"\" src=\"https:\/\/scontent.xx.fbcdn.net\/v\/t1.0-9\/65015629_2273655862727241_6376483089601789952_n.jpg?_nc_cat=100&#038;_nc_oc=AQm2m67XnWr6mUqGMjLQuRLiGSNVP1w0tSyQ5Xq2cv4bCXnxUDp5D-pEDdSFds5uj5megUSLscCeC3J5t1YW24_l&#038;_nc_ht=scontent.xx&#038;oh=fe2538bc3d3e9cd3c9065e1656c7d5ae&#038;oe=5D79C488\" \/><br \/><img decoding=\"async\" class=\"wp_automatic_fb_img\" title=\"\" src=\"https:\/\/scontent.xx.fbcdn.net\/v\/t1.0-9\/s720x720\/65791071_2273655949393899_7046495440862183424_n.jpg?_nc_cat=111&#038;_nc_oc=AQnTJeBjTHmcOJJIU10aIcsgliBa7EvnCCgbBylpdmlc8YtESL5lFYuH9KRbu_TlwRUHR88nh6lz_saGB_wiOKfs&#038;_nc_ht=scontent.xx&#038;oh=61b2182b165b7d5aa99a6b55fa0a8562&#038;oe=5DC0B653\" \/><br \/><img decoding=\"async\" class=\"wp_automatic_fb_img\" title=\"\" src=\"https:\/\/scontent.xx.fbcdn.net\/v\/t1.0-9\/s720x720\/65550796_2273656106060550_7593846030114750464_n.jpg?_nc_cat=102&#038;_nc_oc=AQmSanRCKeGk_a_LVdKjMxR_CSPTXseJ7ylQlIXKnP9JOEYDcZ6Q_O5hgO-SagQxbm-1QT-I0YyqvhHDhRx_AWx0&#038;_nc_ht=scontent.xx&#038;oh=fad67f727facb9e72ba7ae4b14fe2a81&#038;oe=5D820A91\" \/><br \/><img decoding=\"async\" class=\"wp_automatic_fb_img\" title=\"\" src=\"https:\/\/scontent.xx.fbcdn.net\/v\/t1.0-9\/s720x720\/65779885_2273656259393868_2622403084139102208_n.jpg?_nc_cat=111&#038;_nc_oc=AQnkvgdCJHY1e3Qd9TfIFNdgt7ULtrpnfS5V3wJB59I9lT37yHOqWw6Nqc17RNmCqx5fMKC1px18nhwnh6YeMH1q&#038;_nc_ht=scontent.xx&#038;oh=5ddba926e7e7d149c0adddf106fcf8f4&#038;oe=5D8DF55C\" \/><br \/>\n[ad_2]\n<br \/><a href=\"https:\/\/www.facebook.com\/135079353251580\/posts\/2273656386060522\">Ver en facebook<\/a>  <\/p>\n","protected":false},"excerpt":{"rendered":"<p>[ad_1] BUSOT SANIDAD Plan de choque contra la aparici\u00f3n de cucarachas en algunos puntos del t\u00e9rmino municipal, debido al incremento de las temperaturas. A partir de ma\u00f1ana mi\u00e9rcoles, d\u00eda 26, la Comunitat Valenciana, al igual que la mayor parte de la Pen\u00ednsula y Baleares se ver\u00e1 afectada por la llegada de una masa de aire [&hellip;]<\/p>\n","protected":false},"author":2,"featured_media":0,"comment_status":"open","ping_status":"closed","sticky":false,"template":"","format":"standard","meta":{"_monsterinsights_skip_tracking":false,"_monsterinsights_sitenote_active":false,"_monsterinsights_sitenote_note":"","_monsterinsights_sitenote_category":0,"footnotes":""},"categories":[39,38],"tags":[],"_links":{"self":[{"href":"https:\/\/busot.es\/publica\/wp-json\/wp\/v2\/posts\/14168"}],"collection":[{"href":"https:\/\/busot.es\/publica\/wp-json\/wp\/v2\/posts"}],"about":[{"href":"https:\/\/busot.es\/publica\/wp-json\/wp\/v2\/types\/post"}],"author":[{"embeddable":true,"href":"https:\/\/busot.es\/publica\/wp-json\/wp\/v2\/users\/2"}],"replies":[{"embeddable":true,"href":"https:\/\/busot.es\/publica\/wp-json\/wp\/v2\/comments?post=14168"}],"version-history":[{"count":0,"href":"https:\/\/busot.es\/publica\/wp-json\/wp\/v2\/posts\/14168\/revisions"}],"wp:attachment":[{"href":"https:\/\/busot.es\/publica\/wp-json\/wp\/v2\/media?parent=14168"}],"wp:term":[{"taxonomy":"category","embeddable":true,"href":"https:\/\/busot.es\/publica\/wp-json\/wp\/v2\/categories?post=14168"},{"taxonomy":"post_tag","embeddable":true,"href":"https:\/\/busot.es\/publica\/wp-json\/wp\/v2\/tags?post=14168"}],"curies":[{"name":"wp","href":"https:\/\/api.w.org\/{rel}","templated":true}]}}