{"id":14007,"date":"2019-01-31T13:12:09","date_gmt":"2019-01-31T12:12:09","guid":{"rendered":"https:\/\/busot.es\/publica\/2019\/01\/31\/busot-seguridad-vial\/"},"modified":"2019-01-31T13:12:09","modified_gmt":"2019-01-31T12:12:09","slug":"busot-seguridad-vial","status":"publish","type":"post","link":"https:\/\/busot.es\/publica\/2019\/01\/31\/busot-seguridad-vial\/","title":{"rendered":"BUSOT SEGURIDAD VIAL"},"content":{"rendered":"[ad_1]\nBUSOT SEGURIDAD VIAL<\/p>\n<p>A partir de ma\u00f1ana, 1 de Febrero de 2019, a las 7:15 h., la Calle Llibertat de la urbanizaci\u00f3n Bonalba, pasar\u00e1 a ser una v\u00eda de un \u00fanico sentido, a la que se acceder\u00e1 por la Calle Germanies, quedando prohibido el acceso por la Calle Senyera. Se han instalado se\u00f1ales de tr\u00e1fico verticales nuevas y flechas de direcci\u00f3n horizontales, as\u00ed como indicaciones de Stop y Ceda el Paso con pinturas viales. El reciente asfaltado de la Calle Almogavers, y el ensanchado de la Calle Senyera al eliminar algunos alcorques, favorecen la adopci\u00f3n de esta medida, evitando en lo sucesivo problemas de circulaci\u00f3n por el doble sentido de la Calle Llibertat y los conflictos que generaba el embudo del punto de conexi\u00f3n con la Calle Senyera.<br \/>\n <a href=\"https:\/\/www.facebook.com\/hashtag\/Busotseguridadvial\">#Busotseguridadvial<\/a><br \/>\n <a href=\"https:\/\/www.facebook.com\/hashtag\/Busotmejora\">#Busotmejora<\/a><\/p>\n<p><img decoding=\"async\" class=\"wp_automatic_fb_img\" title=\"\" src=\"https:\/\/scontent.xx.fbcdn.net\/v\/t1.0-9\/s720x720\/51124255_2048507465242083_8350039180797018112_n.jpg?_nc_cat=111&#038;_nc_ht=scontent.xx&#038;oh=d775c5a08205a44848ff2aeb625cf929&#038;oe=5CEE71C7\" \/><br \/><img decoding=\"async\" class=\"wp_automatic_fb_img\" title=\"\" src=\"https:\/\/scontent.xx.fbcdn.net\/v\/t1.0-9\/s720x720\/51278341_2048507511908745_1139733257768665088_n.jpg?_nc_cat=111&#038;_nc_ht=scontent.xx&#038;oh=1a55ca048e7882ca753cea48b43cf773&#038;oe=5CFD07FA\" \/><br \/><img decoding=\"async\" class=\"wp_automatic_fb_img\" title=\"\" src=\"https:\/\/scontent.xx.fbcdn.net\/v\/t1.0-9\/s720x720\/50832911_2048507548575408_287970174148018176_n.jpg?_nc_cat=105&#038;_nc_ht=scontent.xx&#038;oh=2be386b27c8597413ed5db1b31d7d677&#038;oe=5CBF73CF\" \/><br \/><img decoding=\"async\" class=\"wp_automatic_fb_img\" title=\"\" src=\"https:\/\/scontent.xx.fbcdn.net\/v\/t1.0-9\/s720x720\/51459314_2048507581908738_8725638614907617280_n.jpg?_nc_cat=101&#038;_nc_ht=scontent.xx&#038;oh=77291f9bef472feb109f8a7908860d6c&#038;oe=5CFD909D\" \/><br \/><img decoding=\"async\" class=\"wp_automatic_fb_img\" title=\"\" src=\"https:\/\/scontent.xx.fbcdn.net\/v\/t1.0-9\/q88\/s720x720\/51484504_2048507618575401_1355607208942895104_o.jpg?_nc_cat=109&#038;_nc_ht=scontent.xx&#038;oh=a56d263b4d6253012e041a28f1d0bf55&#038;oe=5CB3AD29\" \/><br \/><img decoding=\"async\" class=\"wp_automatic_fb_img\" title=\"\" src=\"https:\/\/scontent.xx.fbcdn.net\/v\/t1.0-9\/q90\/s720x720\/51346003_2048507701908726_7532684987150106624_o.jpg?_nc_cat=111&#038;_nc_ht=scontent.xx&#038;oh=9c3368931409df6408fba87c8bf18a2a&#038;oe=5D010E82\" \/><br \/><img decoding=\"async\" class=\"wp_automatic_fb_img\" title=\"\" src=\"https:\/\/scontent.xx.fbcdn.net\/v\/t1.0-9\/q90\/s720x720\/51276380_2048507761908720_7162514559205376000_o.jpg?_nc_cat=107&#038;_nc_ht=scontent.xx&#038;oh=71cb20087521e49c2f51f643f688399c&#038;oe=5CF79D71\" \/><br \/><img decoding=\"async\" class=\"wp_automatic_fb_img\" title=\"\" src=\"https:\/\/scontent.xx.fbcdn.net\/v\/t1.0-9\/q82\/s720x720\/51422019_2048507825242047_7355647448821268480_o.jpg?_nc_cat=101&#038;_nc_ht=scontent.xx&#038;oh=7d38fa14b35b521242537607def42a7f&#038;oe=5CFA920D\" \/><br \/>\n[ad_2]\n<br \/><a href=\"https:\/\/www.facebook.com\/135079353251580\/posts\/2048507868575376\">Ver en facebook<\/a>  <\/p>\n","protected":false},"excerpt":{"rendered":"<p>[ad_1] BUSOT SEGURIDAD VIAL A partir de ma\u00f1ana, 1 de Febrero de 2019, a las 7:15 h., la Calle Llibertat de la urbanizaci\u00f3n Bonalba, pasar\u00e1 a ser una v\u00eda de un \u00fanico sentido, a la que se acceder\u00e1 por la Calle Germanies, quedando prohibido el acceso por la Calle Senyera. Se han instalado se\u00f1ales de [&hellip;]<\/p>\n","protected":false},"author":2,"featured_media":0,"comment_status":"open","ping_status":"closed","sticky":false,"template":"","format":"standard","meta":{"_monsterinsights_skip_tracking":false,"_monsterinsights_sitenote_active":false,"_monsterinsights_sitenote_note":"","_monsterinsights_sitenote_category":0,"footnotes":""},"categories":[39,38],"tags":[],"_links":{"self":[{"href":"https:\/\/busot.es\/publica\/wp-json\/wp\/v2\/posts\/14007"}],"collection":[{"href":"https:\/\/busot.es\/publica\/wp-json\/wp\/v2\/posts"}],"about":[{"href":"https:\/\/busot.es\/publica\/wp-json\/wp\/v2\/types\/post"}],"author":[{"embeddable":true,"href":"https:\/\/busot.es\/publica\/wp-json\/wp\/v2\/users\/2"}],"replies":[{"embeddable":true,"href":"https:\/\/busot.es\/publica\/wp-json\/wp\/v2\/comments?post=14007"}],"version-history":[{"count":0,"href":"https:\/\/busot.es\/publica\/wp-json\/wp\/v2\/posts\/14007\/revisions"}],"wp:attachment":[{"href":"https:\/\/busot.es\/publica\/wp-json\/wp\/v2\/media?parent=14007"}],"wp:term":[{"taxonomy":"category","embeddable":true,"href":"https:\/\/busot.es\/publica\/wp-json\/wp\/v2\/categories?post=14007"},{"taxonomy":"post_tag","embeddable":true,"href":"https:\/\/busot.es\/publica\/wp-json\/wp\/v2\/tags?post=14007"}],"curies":[{"name":"wp","href":"https:\/\/api.w.org\/{rel}","templated":true}]}}