{"id":13782,"date":"2018-10-10T13:10:13","date_gmt":"2018-10-10T12:10:13","guid":{"rendered":"https:\/\/busot.es\/publica\/?p=13782"},"modified":"2018-10-10T13:10:13","modified_gmt":"2018-10-10T12:10:13","slug":"este-domingo-14-de-octubre-vuelve-el-busot-mercat","status":"publish","type":"post","link":"https:\/\/busot.es\/publica\/2018\/10\/10\/este-domingo-14-de-octubre-vuelve-el-busot-mercat\/","title":{"rendered":"Este domingo 14 de octubre vuelve el Busot Mercat."},"content":{"rendered":"[ad_1]\nEste domingo 14 de octubre vuelve el Busot Mercat, con un mont\u00f3n de actividades y puestos. Ideal para pasar un d\u00eda en familia. De 10:00 a 15:00 te esperamos en la Pla\u00e7a de la Generalitat.<\/p>\n<p><a href=\"https:\/\/www.facebook.com\/hashtag\/BusotMercat\">#BusotMercat<\/a> <a href=\"https:\/\/www.facebook.com\/hashtag\/Vintage\">#Vintage<\/a> <a href=\"https:\/\/www.facebook.com\/hashtag\/SecondHand\">#SecondHand<\/a> <a href=\"https:\/\/www.facebook.com\/hashtag\/Mercadillo\">#Mercadillo<\/a><\/p>\n<p>Aquest diumenge 14 d&#8217;octubre torna el Busot Mercat, amb un munt d&#8217;activitats i llocs. Ideal per a passar un dia en fam\u00edlia. De 10:00 a 15:00 t&#8217;esperem en la Pla\u00e7a de la Generalitat.<\/p>\n<p><img decoding=\"async\" class=\"wp_automatic_fb_img\" title=\"\" src=\"https:\/\/scontent.xx.fbcdn.net\/v\/t1.0-9\/s720x720\/43153052_1884064078353090_9160731381951627264_n.png?_nc_cat=110&amp;oh=2ae7fa17f0b859cd41cacda98a7d229d&amp;oe=5C58DC6D\" \/><br \/>\n[ad_2]\n<p><a href=\"https:\/\/www.facebook.com\/135079353251580\/posts\/1884064801686351\">Ver en facebook<\/a><\/p>\n","protected":false},"excerpt":{"rendered":"<p>[ad_1] Este domingo 14 de octubre vuelve el Busot Mercat, con un mont\u00f3n de actividades y puestos. Ideal para pasar un d\u00eda en familia. De 10:00 a 15:00 te esperamos en la Pla\u00e7a de la Generalitat. #BusotMercat #Vintage #SecondHand #Mercadillo Aquest diumenge 14 d&#8217;octubre torna el Busot Mercat, amb un munt d&#8217;activitats i llocs. Ideal [&hellip;]<\/p>\n","protected":false},"author":2,"featured_media":0,"comment_status":"open","ping_status":"closed","sticky":false,"template":"","format":"standard","meta":{"_monsterinsights_skip_tracking":false,"_monsterinsights_sitenote_active":false,"_monsterinsights_sitenote_note":"","_monsterinsights_sitenote_category":0,"footnotes":""},"categories":[39,38],"tags":[],"_links":{"self":[{"href":"https:\/\/busot.es\/publica\/wp-json\/wp\/v2\/posts\/13782"}],"collection":[{"href":"https:\/\/busot.es\/publica\/wp-json\/wp\/v2\/posts"}],"about":[{"href":"https:\/\/busot.es\/publica\/wp-json\/wp\/v2\/types\/post"}],"author":[{"embeddable":true,"href":"https:\/\/busot.es\/publica\/wp-json\/wp\/v2\/users\/2"}],"replies":[{"embeddable":true,"href":"https:\/\/busot.es\/publica\/wp-json\/wp\/v2\/comments?post=13782"}],"version-history":[{"count":1,"href":"https:\/\/busot.es\/publica\/wp-json\/wp\/v2\/posts\/13782\/revisions"}],"predecessor-version":[{"id":13783,"href":"https:\/\/busot.es\/publica\/wp-json\/wp\/v2\/posts\/13782\/revisions\/13783"}],"wp:attachment":[{"href":"https:\/\/busot.es\/publica\/wp-json\/wp\/v2\/media?parent=13782"}],"wp:term":[{"taxonomy":"category","embeddable":true,"href":"https:\/\/busot.es\/publica\/wp-json\/wp\/v2\/categories?post=13782"},{"taxonomy":"post_tag","embeddable":true,"href":"https:\/\/busot.es\/publica\/wp-json\/wp\/v2\/tags?post=13782"}],"curies":[{"name":"wp","href":"https:\/\/api.w.org\/{rel}","templated":true}]}}