{"id":13752,"date":"2018-09-25T17:59:31","date_gmt":"2018-09-25T16:59:31","guid":{"rendered":"https:\/\/busot.es\/publica\/?p=13752"},"modified":"2018-09-25T17:59:31","modified_gmt":"2018-09-25T16:59:31","slug":"v-marcha-btt-coves-del-canelobre","status":"publish","type":"post","link":"https:\/\/busot.es\/publica\/2018\/09\/25\/v-marcha-btt-coves-del-canelobre\/","title":{"rendered":"V Marcha BTT Coves del Canelobre"},"content":{"rendered":"[ad_1]\nBUSOT DEPORTE<\/p>\n<p>El pr\u00f3ximo Domingo, 30 de Septiembre, celebramos la V Marcha BTT Coves del Canelobre, a partir de las 9 de la ma\u00f1ana en la Plaza de la Generalitat. El mejor espect\u00e1culo ciclista, en un entorno natural \u00fanico. Con la presencia del Campe\u00f3n del Mundo Manuel S\u00e1nchez Aldeguer, de Dani Cepa, Campe\u00f3n de la Costa Blanca Bike Race, Superprestigio y Excampe\u00f3n de Espa\u00f1a, Pau Salv\u00e1, biker de la Selecci\u00f3n Espa\u00f1ola en el Campeonato de Europa XCM, Carlos Jim\u00e9nez, participante en la Copa del Mundo MTB, Aitor Escobar, Ganador de la Primera Prueba Internacional del Calendario 2018&#8230; y muchos m\u00e1s campeones. 700 inscritos en la mejor Marcha, con Speaker, m\u00fasica, catering, masajistas para los participantes ( CIM ), y m\u00e1s de 100 voluntarios&#8230; Disfruta del espect\u00e1culo que nos ha preparado el Club Ciclista Canelobre de Busot, con la colaboraci\u00f3n del Ayuntamiento. No hay nada igual !!!<br \/>\n<a href=\"https:\/\/www.facebook.com\/hashtag\/Busotesdeporte\">#Busotesdeporte<\/a><br \/>\n<a href=\"https:\/\/www.facebook.com\/hashtag\/Busoteventos\">#Busoteventos<\/a><\/p>\n<p><img decoding=\"async\" class=\"wp_automatic_fb_img\" title=\"\" src=\"https:\/\/scontent.xx.fbcdn.net\/v\/t1.0-9\/s720x720\/42563266_1872669059492592_4504719716186587136_n.jpg?_nc_cat=111&amp;oh=a7a342cc29f8b961dfbaf36f48ea682c&amp;oe=5C1603C9\" \/><br \/>\n<img decoding=\"async\" class=\"wp_automatic_fb_img\" title=\"\" src=\"https:\/\/scontent.xx.fbcdn.net\/v\/t1.0-9\/p720x720\/42568599_1872669102825921_6826982750445109248_n.jpg?_nc_cat=108&amp;oh=8842fdc5aeab52b6c326347a7323cec9&amp;oe=5C5A8DE3\" \/><br \/>\n<img decoding=\"async\" class=\"wp_automatic_fb_img\" title=\"\" src=\"https:\/\/scontent.xx.fbcdn.net\/v\/t1.0-9\/s720x720\/42589113_1872669159492582_7636965216843988992_n.jpg?_nc_cat=110&amp;oh=c068f253bc3cc30087db496189185bf5&amp;oe=5C5FE2D7\" \/><br \/>\n<img decoding=\"async\" class=\"wp_automatic_fb_img\" title=\"\" src=\"https:\/\/scontent.xx.fbcdn.net\/v\/t1.0-9\/s720x720\/42500850_1872669692825862_825079276444319744_o.jpg?_nc_cat=109&amp;oh=328d6d9f11555d7386250ce4bd72e980&amp;oe=5C25B179\" \/><br \/>\n<img decoding=\"async\" class=\"wp_automatic_fb_img\" title=\"\" src=\"https:\/\/scontent.xx.fbcdn.net\/v\/t1.0-0\/p480x480\/42572524_1872669769492521_6405628303880749056_o.jpg?_nc_cat=106&amp;oh=6ec2226d237c32ceb27d0d5b3248c8e4&amp;oe=5C2B9CBF\" \/><br \/>\n<img decoding=\"async\" class=\"wp_automatic_fb_img\" title=\"\" src=\"https:\/\/scontent.xx.fbcdn.net\/v\/t1.0-0\/p180x540\/42526389_1872669829492515_3099363978363535360_o.jpg?_nc_cat=111&amp;oh=3889123a20a2846f3925ff88d870f741&amp;oe=5C22146F\" \/><br \/>\n<img decoding=\"async\" class=\"wp_automatic_fb_img\" title=\"\" src=\"https:\/\/scontent.xx.fbcdn.net\/v\/t1.0-9\/s720x720\/42596865_1872669892825842_6255172906557374464_o.jpg?_nc_cat=103&amp;oh=61775eadd14e87249a4393c8b939096f&amp;oe=5C1CC1AF\" \/><br \/>\n<img decoding=\"async\" class=\"wp_automatic_fb_img\" title=\"\" src=\"https:\/\/scontent.xx.fbcdn.net\/v\/t1.0-9\/s720x720\/42509428_1872669962825835_7056737816876679168_o.jpg?_nc_cat=109&amp;oh=3d2d1f95d678e59dd47b83dacc5d92c8&amp;oe=5C598D4A\" \/><br \/>\n<img decoding=\"async\" class=\"wp_automatic_fb_img\" title=\"\" src=\"https:\/\/scontent.xx.fbcdn.net\/v\/t1.0-9\/q84\/s720x720\/42560389_1872670056159159_5954602741471903744_o.jpg?_nc_cat=105&amp;oh=0161559caad43a6cd9d9cc9cf60bc345&amp;oe=5C2A7F2E\" \/><br \/>\n<img decoding=\"async\" class=\"wp_automatic_fb_img\" title=\"\" src=\"https:\/\/scontent.xx.fbcdn.net\/v\/t1.0-9\/s720x720\/42591557_1872670122825819_7917406253192577024_o.jpg?_nc_cat=100&amp;oh=c20e9dddca8ad00c12d513909557de20&amp;oe=5C21FA81\" \/><br \/>\n<img decoding=\"async\" class=\"wp_automatic_fb_img\" title=\"\" src=\"https:\/\/scontent.xx.fbcdn.net\/v\/t1.0-9\/42465664_1872670166159148_7308551109491032064_n.jpg?_nc_cat=105&amp;oh=8fcd5a325e3fdbb50711b16fa9eade7f&amp;oe=5C2872AC\" \/><br \/>\n[ad_2]\n<p><a href=\"https:\/\/www.facebook.com\/135079353251580\/posts\/1872670216159143\">Ver en facebook<\/a><\/p>\n","protected":false},"excerpt":{"rendered":"<p>[ad_1] BUSOT DEPORTE El pr\u00f3ximo Domingo, 30 de Septiembre, celebramos la V Marcha BTT Coves del Canelobre, a partir de las 9 de la ma\u00f1ana en la Plaza de la Generalitat. El mejor espect\u00e1culo ciclista, en un entorno natural \u00fanico. Con la presencia del Campe\u00f3n del Mundo Manuel S\u00e1nchez Aldeguer, de Dani Cepa, Campe\u00f3n de [&hellip;]<\/p>\n","protected":false},"author":2,"featured_media":0,"comment_status":"open","ping_status":"closed","sticky":false,"template":"","format":"standard","meta":{"_monsterinsights_skip_tracking":false,"_monsterinsights_sitenote_active":false,"_monsterinsights_sitenote_note":"","_monsterinsights_sitenote_category":0,"footnotes":""},"categories":[39,38],"tags":[],"_links":{"self":[{"href":"https:\/\/busot.es\/publica\/wp-json\/wp\/v2\/posts\/13752"}],"collection":[{"href":"https:\/\/busot.es\/publica\/wp-json\/wp\/v2\/posts"}],"about":[{"href":"https:\/\/busot.es\/publica\/wp-json\/wp\/v2\/types\/post"}],"author":[{"embeddable":true,"href":"https:\/\/busot.es\/publica\/wp-json\/wp\/v2\/users\/2"}],"replies":[{"embeddable":true,"href":"https:\/\/busot.es\/publica\/wp-json\/wp\/v2\/comments?post=13752"}],"version-history":[{"count":1,"href":"https:\/\/busot.es\/publica\/wp-json\/wp\/v2\/posts\/13752\/revisions"}],"predecessor-version":[{"id":13753,"href":"https:\/\/busot.es\/publica\/wp-json\/wp\/v2\/posts\/13752\/revisions\/13753"}],"wp:attachment":[{"href":"https:\/\/busot.es\/publica\/wp-json\/wp\/v2\/media?parent=13752"}],"wp:term":[{"taxonomy":"category","embeddable":true,"href":"https:\/\/busot.es\/publica\/wp-json\/wp\/v2\/categories?post=13752"},{"taxonomy":"post_tag","embeddable":true,"href":"https:\/\/busot.es\/publica\/wp-json\/wp\/v2\/tags?post=13752"}],"curies":[{"name":"wp","href":"https:\/\/api.w.org\/{rel}","templated":true}]}}