{"id":13633,"date":"2018-07-26T13:10:48","date_gmt":"2018-07-26T12:10:48","guid":{"rendered":"https:\/\/busot.es\/publica\/?p=13633"},"modified":"2018-07-26T13:11:11","modified_gmt":"2018-07-26T12:11:11","slug":"curso-de-community-manager-en-busot","status":"publish","type":"post","link":"https:\/\/busot.es\/publica\/2018\/07\/26\/curso-de-community-manager-en-busot\/","title":{"rendered":"Curso de Community Manager en Busot"},"content":{"rendered":"[ad_1]\n&#x203c;OPORTUNIDAD&#x203c; Curso de Community Manager en Busot, del 17 de septiembre al 30 de Noviembre. De lunes a viernes, de 9:00 a 15 horas, con pr\u00e1cticas no laborales en empresas. Beca por alumno\/a de 600\u20ac, al finalizar el curso satisfactoriamente.<\/p>\n<p>&#x1f58b;REQUISITOS:<br \/>\n\u2022 Tener entre 16 y 30 a\u00f1os<br \/>\n\u2022 Estar desempleado\/a en el momento de iniciar el curso e inscrito en el SERVEF y en el Sistema Nacional de Garant\u00eda Juvenil<br \/>\n\u2022 Tener la E.S.O<br \/>\n\u2022 Manejo de inform\u00e1tica a nivel usuario<\/p>\n<p>&#x1f4e7;INSCRIPCI\u00d3N: juventud.activa@outlook.com<\/p>\n<p>&#x2714;CONDICI\u00d3N IMPRESCINDIBLE: para que el curso se realice deben inscribirse un m\u00ednimo de 10 busoteros\/as. Hay 15 plazas en total. Pueden inscribirse de otros municipios, pero tienen preferencia los j\u00f3venes de <a href=\"https:\/\/www.facebook.com\/hashtag\/Busot\">#Busot<\/a>. Habr\u00e1 un proceso de selecci\u00f3n para valorar la idoneidad de los\/as candidatos\/as.<\/p>\n<p><a href=\"https:\/\/www.facebook.com\/hashtag\/Busotjoven\">#Busotjoven<\/a> <a href=\"https:\/\/www.facebook.com\/hashtag\/Busotinforma\">#Busotinforma<\/a> <a href=\"https:\/\/www.facebook.com\/hashtag\/Busotforma\">#Busotforma<\/a><\/p>\n<p>OPORTUNITAT&#x203c; Curs de Community Manager a Busot, del 17 de setembre al 30 de Novembre. De dilluns a divendres, de 9:00 a 15 hores, amb pr\u00e0ctiques no laborals en empreses. Beca per alumne de 600\u20ac, en finalitzar el curs satisfact\u00f2riament.<\/p>\n<p>&#x1f58b;REQUISITS:<br \/>\n\u2022 Tenir entre 16 i 30 anys<br \/>\n\u2022 Estar aturat en el moment d&#8217;iniciar el curs i inscrit en el SERVEF i en el Sistema Nacional de Garantia Juvenil<br \/>\n\u2022 Tenir la E.S.O.<br \/>\n\u2022 Maneig d&#8217;inform\u00e0tica a nivell usuari<\/p>\n<p>&#x1f4e7;INSCRIPCI\u00d3: juventud.activa@outlook.com<\/p>\n<p>&#x2714;CONDICI\u00d3 IMPRESCINDIBLE: perqu\u00e8 el curs es realitze han d&#8217;inscriure&#8217;s un m\u00ednim de 10 busoters. Hi ha 15 places en total. Poden inscriure&#8217;s d&#8217;altres municipis, per\u00f2 tenen prefer\u00e8ncia els joves de Busot. Hi haur\u00e0 un proc\u00e9s de selecci\u00f3 per a valorar la idone\u00eftat dels candidats.<\/p>\n<p><img decoding=\"async\" class=\"wp_automatic_fb_img\" title=\"\" src=\"https:\/\/scontent.xx.fbcdn.net\/v\/t1.0-9\/s720x720\/37739751_1786001921492640_2666986429514514432_o.jpg?_nc_cat=0&amp;oh=b1732824e75518a5b94f07fd771401cd&amp;oe=5BD8A697\" \/><br \/>\n<img decoding=\"async\" class=\"wp_automatic_fb_img\" title=\"\" src=\"https:\/\/scontent.xx.fbcdn.net\/v\/t1.0-9\/s720x720\/37826987_1786002068159292_6779787571032489984_o.jpg?_nc_cat=0&amp;oh=8965e05cc72584c351ec56961cf68cf3&amp;oe=5BD9E945\" \/><br \/>\n[ad_2]\n<p><a href=\"https:\/\/www.facebook.com\/135079353251580\/posts\/1786002544825911\">Ver en facebook<\/a><\/p>\n","protected":false},"excerpt":{"rendered":"<p>[ad_1] &#x203c;OPORTUNIDAD&#x203c; Curso de Community Manager en Busot, del 17 de septiembre al 30 de Noviembre. De lunes a viernes, de 9:00 a 15 horas, con pr\u00e1cticas no laborales en empresas. Beca por alumno\/a de 600\u20ac, al finalizar el curso satisfactoriamente. &#x1f58b;REQUISITOS: \u2022 Tener entre 16 y 30 a\u00f1os \u2022 Estar desempleado\/a en el momento [&hellip;]<\/p>\n","protected":false},"author":2,"featured_media":0,"comment_status":"open","ping_status":"closed","sticky":false,"template":"","format":"standard","meta":{"_monsterinsights_skip_tracking":false,"_monsterinsights_sitenote_active":false,"_monsterinsights_sitenote_note":"","_monsterinsights_sitenote_category":0,"footnotes":""},"categories":[39,38],"tags":[],"_links":{"self":[{"href":"https:\/\/busot.es\/publica\/wp-json\/wp\/v2\/posts\/13633"}],"collection":[{"href":"https:\/\/busot.es\/publica\/wp-json\/wp\/v2\/posts"}],"about":[{"href":"https:\/\/busot.es\/publica\/wp-json\/wp\/v2\/types\/post"}],"author":[{"embeddable":true,"href":"https:\/\/busot.es\/publica\/wp-json\/wp\/v2\/users\/2"}],"replies":[{"embeddable":true,"href":"https:\/\/busot.es\/publica\/wp-json\/wp\/v2\/comments?post=13633"}],"version-history":[{"count":2,"href":"https:\/\/busot.es\/publica\/wp-json\/wp\/v2\/posts\/13633\/revisions"}],"predecessor-version":[{"id":13636,"href":"https:\/\/busot.es\/publica\/wp-json\/wp\/v2\/posts\/13633\/revisions\/13636"}],"wp:attachment":[{"href":"https:\/\/busot.es\/publica\/wp-json\/wp\/v2\/media?parent=13633"}],"wp:term":[{"taxonomy":"category","embeddable":true,"href":"https:\/\/busot.es\/publica\/wp-json\/wp\/v2\/categories?post=13633"},{"taxonomy":"post_tag","embeddable":true,"href":"https:\/\/busot.es\/publica\/wp-json\/wp\/v2\/tags?post=13633"}],"curies":[{"name":"wp","href":"https:\/\/api.w.org\/{rel}","templated":true}]}}