{"id":13576,"date":"2018-06-27T14:08:51","date_gmt":"2018-06-27T13:08:51","guid":{"rendered":"https:\/\/busot.es\/publica\/?p=13576"},"modified":"2018-06-27T14:08:51","modified_gmt":"2018-06-27T13:08:51","slug":"magnifica-actuacion-de-pepe-toni-en-su-paso-por-el-programa-de-a-punt","status":"publish","type":"post","link":"https:\/\/busot.es\/publica\/2018\/06\/27\/magnifica-actuacion-de-pepe-toni-en-su-paso-por-el-programa-de-a-punt\/","title":{"rendered":"Magn\u00edfica actuaci\u00f3n de Pepe Toni en su paso por el programa de \u00c0 Punt."},"content":{"rendered":"[ad_1]\n<img decoding=\"async\" title=\"\" src=\"https:\/\/scontent.xx.fbcdn.net\/v\/t15.0-10\/s720x720\/33947478_1466724783431529_5908988737089437696_n.jpg?_nc_cat=0&amp;oh=d829e1a1f3e9e9d5d5fbd8c5d4de1972&amp;oe=5BE65964\" \/><br \/>\nMagn\u00edfica actuaci\u00f3n de Pepe Toni en su paso por el programa de \u00c0 Punt, Atrapa&#8217;m si pots. Y el recital de la Embajada Mora de Busot, como muy bien matiza, no tiene desperdicio. Orgullosos de ti \ud83d\ude09<\/p>\n<p><a href=\"https:\/\/www.facebook.com\/hashtag\/Busot\">#Busot<\/a> <a href=\"https:\/\/www.facebook.com\/hashtag\/Busoteros\">#Busoteros<\/a> <a href=\"https:\/\/www.facebook.com\/hashtag\/AtrapamSiPots\">#AtrapamSiPots<\/a> <a href=\"https:\/\/www.facebook.com\/hashtag\/MyCBusot\">#MyCBusot<\/a> <a href=\"https:\/\/www.facebook.com\/hashtag\/WeLoveBusot\">#WeLoveBusot<\/a><\/p>\n<p>Magn\u00edfica actuaci\u00f3 de Pepe Toni en el seu pas pel programa de \u00c0 Punt, Atrapa\u2019m si pots. I el recital de l&#8217;Ambaixada Mora de Busot, com molt b\u00e9 matisa, no t\u00e9 desaprofitament. Orgullosos de tu ;-)[fb_vid id=\u00bb1740981789327987&#8243;]\n[ad_2]\n<p><a href=\"https:\/\/www.facebook.com\/135079353251580\/posts\/1740981789327987\">Ver en facebook<\/a><\/p>\n","protected":false},"excerpt":{"rendered":"<p>[ad_1] Magn\u00edfica actuaci\u00f3n de Pepe Toni en su paso por el programa de \u00c0 Punt, Atrapa&#8217;m si pots. Y el recital de la Embajada Mora de Busot, como muy bien matiza, no tiene desperdicio. Orgullosos de ti \ud83d\ude09 #Busot #Busoteros #AtrapamSiPots #MyCBusot #WeLoveBusot Magn\u00edfica actuaci\u00f3 de Pepe Toni en el seu pas pel programa de [&hellip;]<\/p>\n","protected":false},"author":2,"featured_media":0,"comment_status":"open","ping_status":"closed","sticky":false,"template":"","format":"standard","meta":{"_monsterinsights_skip_tracking":false,"_monsterinsights_sitenote_active":false,"_monsterinsights_sitenote_note":"","_monsterinsights_sitenote_category":0,"footnotes":""},"categories":[39,38],"tags":[],"_links":{"self":[{"href":"https:\/\/busot.es\/publica\/wp-json\/wp\/v2\/posts\/13576"}],"collection":[{"href":"https:\/\/busot.es\/publica\/wp-json\/wp\/v2\/posts"}],"about":[{"href":"https:\/\/busot.es\/publica\/wp-json\/wp\/v2\/types\/post"}],"author":[{"embeddable":true,"href":"https:\/\/busot.es\/publica\/wp-json\/wp\/v2\/users\/2"}],"replies":[{"embeddable":true,"href":"https:\/\/busot.es\/publica\/wp-json\/wp\/v2\/comments?post=13576"}],"version-history":[{"count":1,"href":"https:\/\/busot.es\/publica\/wp-json\/wp\/v2\/posts\/13576\/revisions"}],"predecessor-version":[{"id":13577,"href":"https:\/\/busot.es\/publica\/wp-json\/wp\/v2\/posts\/13576\/revisions\/13577"}],"wp:attachment":[{"href":"https:\/\/busot.es\/publica\/wp-json\/wp\/v2\/media?parent=13576"}],"wp:term":[{"taxonomy":"category","embeddable":true,"href":"https:\/\/busot.es\/publica\/wp-json\/wp\/v2\/categories?post=13576"},{"taxonomy":"post_tag","embeddable":true,"href":"https:\/\/busot.es\/publica\/wp-json\/wp\/v2\/tags?post=13576"}],"curies":[{"name":"wp","href":"https:\/\/api.w.org\/{rel}","templated":true}]}}