{"id":13569,"date":"2018-06-26T10:12:03","date_gmt":"2018-06-26T09:12:03","guid":{"rendered":"https:\/\/busot.es\/publica\/?p=13569"},"modified":"2018-06-26T10:12:03","modified_gmt":"2018-06-26T09:12:03","slug":"taller-de-taller-de-linkedin","status":"publish","type":"post","link":"https:\/\/busot.es\/publica\/2018\/06\/26\/taller-de-taller-de-linkedin\/","title":{"rendered":"Taller de Taller de Linkedin"},"content":{"rendered":"[ad_1]\nSi est\u00e1s buscando trabajo ven este lunes al TALLER DE LINKEDIN, la red social m\u00e1s importante para entrar en el mundo laboral. En una \u00fanica sesi\u00f3n te dar\u00e1n las herramientas necesarias para hacer tu perfil profesional y destacar. De 17:00 a 21:00 te esperamos en la Casa de Cultura, tr\u00e1ete tu port\u00e1til para aprovechar m\u00e1s la sesi\u00f3n.<\/p>\n<p><a href=\"https:\/\/www.facebook.com\/hashtag\/BusotJove\">#BusotJove<\/a> <a href=\"https:\/\/www.facebook.com\/hashtag\/Busotempleo\">#Busotempleo<\/a> <a href=\"https:\/\/www.facebook.com\/hashtag\/Busotformaci\u00f3n\">#Busotformaci\u00f3n<\/a><\/p>\n<p>Si est\u00e0s cercant treball veuen aquest dilluns al TALLER DE LINKEDIN, la xarxa social m\u00e9s important per a entrar en el m\u00f3n laboral. En una \u00fanica sessi\u00f3 et donaran les eines necess\u00e0ries per a fer el teu perfil professional i destacar. De 17:00 a 21:00 t&#8217;esperem en la Casa de Cultura, porta&#8217;t el teu port\u00e0til per a aprofitar m\u00e9s la sessi\u00f3.<\/p>\n<p><img decoding=\"async\" class=\"wp_automatic_fb_img\" title=\"\" src=\"https:\/\/scontent.xx.fbcdn.net\/v\/t1.0-9\/s720x720\/36188512_1740819076010925_3877233790334009344_n.jpg?_nc_cat=0&amp;oh=3f827b31768ff5b201989b9a6d58c70b&amp;oe=5BA28810\" \/><br \/>\n[ad_2]\n<p><a href=\"https:\/\/www.facebook.com\/135079353251580\/posts\/1740819129344253\">Ver en facebook<\/a><\/p>\n","protected":false},"excerpt":{"rendered":"<p>[ad_1] Si est\u00e1s buscando trabajo ven este lunes al TALLER DE LINKEDIN, la red social m\u00e1s importante para entrar en el mundo laboral. En una \u00fanica sesi\u00f3n te dar\u00e1n las herramientas necesarias para hacer tu perfil profesional y destacar. De 17:00 a 21:00 te esperamos en la Casa de Cultura, tr\u00e1ete tu port\u00e1til para aprovechar [&hellip;]<\/p>\n","protected":false},"author":2,"featured_media":0,"comment_status":"open","ping_status":"closed","sticky":false,"template":"","format":"standard","meta":{"_monsterinsights_skip_tracking":false,"_monsterinsights_sitenote_active":false,"_monsterinsights_sitenote_note":"","_monsterinsights_sitenote_category":0,"footnotes":""},"categories":[39,38],"tags":[],"_links":{"self":[{"href":"https:\/\/busot.es\/publica\/wp-json\/wp\/v2\/posts\/13569"}],"collection":[{"href":"https:\/\/busot.es\/publica\/wp-json\/wp\/v2\/posts"}],"about":[{"href":"https:\/\/busot.es\/publica\/wp-json\/wp\/v2\/types\/post"}],"author":[{"embeddable":true,"href":"https:\/\/busot.es\/publica\/wp-json\/wp\/v2\/users\/2"}],"replies":[{"embeddable":true,"href":"https:\/\/busot.es\/publica\/wp-json\/wp\/v2\/comments?post=13569"}],"version-history":[{"count":1,"href":"https:\/\/busot.es\/publica\/wp-json\/wp\/v2\/posts\/13569\/revisions"}],"predecessor-version":[{"id":13570,"href":"https:\/\/busot.es\/publica\/wp-json\/wp\/v2\/posts\/13569\/revisions\/13570"}],"wp:attachment":[{"href":"https:\/\/busot.es\/publica\/wp-json\/wp\/v2\/media?parent=13569"}],"wp:term":[{"taxonomy":"category","embeddable":true,"href":"https:\/\/busot.es\/publica\/wp-json\/wp\/v2\/categories?post=13569"},{"taxonomy":"post_tag","embeddable":true,"href":"https:\/\/busot.es\/publica\/wp-json\/wp\/v2\/tags?post=13569"}],"curies":[{"name":"wp","href":"https:\/\/api.w.org\/{rel}","templated":true}]}}