{"id":13253,"date":"2018-01-19T10:06:41","date_gmt":"2018-01-19T09:06:41","guid":{"rendered":"https:\/\/busot.es\/publica\/?p=13253"},"modified":"2018-01-19T10:06:41","modified_gmt":"2018-01-19T09:06:41","slug":"plan-de-rehabilitacion-de-fachadas-en-el-casco-antiguo","status":"publish","type":"post","link":"https:\/\/busot.es\/publica\/2018\/01\/19\/plan-de-rehabilitacion-de-fachadas-en-el-casco-antiguo\/","title":{"rendered":"PLAN DE REHABILITACI\u00d3N DE FACHADAS EN EL CASCO ANTIGUO."},"content":{"rendered":"[ad_1]\nPLAN DE REHABILITACI\u00d3N DE FACHADAS EN EL CASCO ANTIGUO.<br \/>\nDesde hoy hasta el pr\u00f3ximo d\u00eda 9 de Febrero, se abre el plazo para solicitar la subvenci\u00f3n del Ayuntamiento de Busot para la rehabilitaci\u00f3n de fachadas ubicadas en el casco antiguo.<br \/>\nEsta es la segunda fase de estas ayudas, en la primera fueron 23 inmuebles los beneficiados, en esta ocasi\u00f3n, con una dotaci\u00f3n de 15.000 euros esperamos poder atender hasta 15 solicitudes.<br \/>\nCon esta actuaci\u00f3n se ha conseguido mejorar la imagen est\u00e9tica de nuestro pueblo y con esta fase esperamos terminar este proyecto.<br \/>\nM\u00e1s informaci\u00f3n llamando al 965.69.90.92.<br \/>\nPlan de rehabilitaci\u00f3n de fachadas.<br \/>\n<a href=\"https:\/\/www.facebook.com\/hashtag\/Busotavanza\">#Busotavanza<\/a> <a href=\"https:\/\/www.facebook.com\/hashtag\/Busotmejora\">#Busotmejora<\/a> <a href=\"https:\/\/www.facebook.com\/hashtag\/Busotmasbonito\">#Busotmasbonito<\/a><\/p>\n<p><a href=\"http:\/\/www.dip-alicante.es\/bop2\/pdftotal\/2018\/01\/18_13\/2018_000499.pdf\" target=\"_blank\" rel=\"noopener\">http:\/\/www.dip-alicante.es\/bop2\/pdftotal\/2018\/01\/18_13\/2018_000499.pdf<\/a><\/p>\n<p><img decoding=\"async\" class=\"wp_automatic_fb_img\" title=\"\" src=\"https:\/\/scontent.xx.fbcdn.net\/v\/t31.0-8\/p720x720\/26756940_1576090262483808_33365841178941258_o.jpg?oh=4caff59f09fa9e39088ba59d408159f7&amp;oe=5AFCCD5F\" \/><br \/>\n<img decoding=\"async\" class=\"wp_automatic_fb_img\" title=\"\" src=\"https:\/\/scontent.xx.fbcdn.net\/v\/t31.0-8\/p720x720\/26757814_1576090285817139_6606332790678603790_o.jpg?oh=af14bc2a879a9df0472876d02f6e1c90&amp;oe=5ADEF772\" \/><br \/>\n<img decoding=\"async\" class=\"wp_automatic_fb_img\" title=\"\" src=\"https:\/\/scontent.xx.fbcdn.net\/v\/t31.0-8\/p720x720\/26841532_1576090365817131_1885995887231065214_o.jpg?oh=15752b367a9da7d4a1b21c0ab620a111&amp;oe=5AF761DF\" \/><br \/>\n<img decoding=\"async\" class=\"wp_automatic_fb_img\" title=\"\" src=\"https:\/\/scontent.xx.fbcdn.net\/v\/t31.0-0\/p180x540\/26758463_1576090422483792_8602131392607208610_o.jpg?oh=90f9aaa05f8abd2ee6d61c0101c6abd7&amp;oe=5AF5262D\" \/><br \/>\n<img decoding=\"async\" class=\"wp_automatic_fb_img\" title=\"\" src=\"https:\/\/scontent.xx.fbcdn.net\/v\/t31.0-8\/s720x720\/26758301_1576090449150456_1690086279433830500_o.jpg?oh=e9fa67a2f2ebcc0c30ae6d409939f0fb&amp;oe=5AE7A695\" \/><br \/>\n<img decoding=\"async\" class=\"wp_automatic_fb_img\" title=\"\" src=\"https:\/\/scontent.xx.fbcdn.net\/v\/t31.0-8\/s720x720\/26910120_1576090542483780_1290399356480948599_o.jpg?oh=6aead248cb42c7e474c039590f7b94d0&amp;oe=5ADA8764\" \/><br \/>\n<img decoding=\"async\" class=\"wp_automatic_fb_img\" title=\"\" src=\"https:\/\/scontent.xx.fbcdn.net\/v\/t31.0-8\/q83\/s720x720\/26962296_1576090585817109_3507053751111988991_o.jpg?oh=be71a23fcb2fb7e4db573c44675f9732&amp;oe=5AF27A8F\" \/><br \/>\n<img decoding=\"async\" class=\"wp_automatic_fb_img\" title=\"\" src=\"https:\/\/scontent.xx.fbcdn.net\/v\/t1.0-9\/26814551_1576090589150442_1678500238567362015_n.jpg?oh=0ab485a3811bfd99a8c126590e9c0ef1&amp;oe=5AE14E99\" \/><br \/>\n<img decoding=\"async\" class=\"wp_automatic_fb_img\" title=\"\" src=\"https:\/\/scontent.xx.fbcdn.net\/v\/t31.0-8\/s720x720\/26757102_1576092679150233_8263117852208308063_o.jpg?oh=2bef54a4b16162625b0f9e9e8fa534b2&amp;oe=5AEB933B\" \/><br \/>\n<img decoding=\"async\" class=\"wp_automatic_fb_img\" title=\"\" src=\"https:\/\/scontent.xx.fbcdn.net\/v\/t31.0-8\/s720x720\/26840728_1576092682483566_7004654508114076010_o.jpg?oh=7c054e3c0f5ebf39215f14b0b2379a93&amp;oe=5AE49E8C\" \/><br \/>\n[ad_2]\n<p><a href=\"https:\/\/www.facebook.com\/135079353251580\/posts\/1576092749150226\">Ver en facebook<\/a><\/p>\n","protected":false},"excerpt":{"rendered":"<p>[ad_1] PLAN DE REHABILITACI\u00d3N DE FACHADAS EN EL CASCO ANTIGUO. Desde hoy hasta el pr\u00f3ximo d\u00eda 9 de Febrero, se abre el plazo para solicitar la subvenci\u00f3n del Ayuntamiento de Busot para la rehabilitaci\u00f3n de fachadas ubicadas en el casco antiguo. Esta es la segunda fase de estas ayudas, en la primera fueron 23 inmuebles [&hellip;]<\/p>\n","protected":false},"author":2,"featured_media":0,"comment_status":"open","ping_status":"closed","sticky":false,"template":"","format":"standard","meta":{"_monsterinsights_skip_tracking":false,"_monsterinsights_sitenote_active":false,"_monsterinsights_sitenote_note":"","_monsterinsights_sitenote_category":0,"footnotes":""},"categories":[39,38],"tags":[],"_links":{"self":[{"href":"https:\/\/busot.es\/publica\/wp-json\/wp\/v2\/posts\/13253"}],"collection":[{"href":"https:\/\/busot.es\/publica\/wp-json\/wp\/v2\/posts"}],"about":[{"href":"https:\/\/busot.es\/publica\/wp-json\/wp\/v2\/types\/post"}],"author":[{"embeddable":true,"href":"https:\/\/busot.es\/publica\/wp-json\/wp\/v2\/users\/2"}],"replies":[{"embeddable":true,"href":"https:\/\/busot.es\/publica\/wp-json\/wp\/v2\/comments?post=13253"}],"version-history":[{"count":1,"href":"https:\/\/busot.es\/publica\/wp-json\/wp\/v2\/posts\/13253\/revisions"}],"predecessor-version":[{"id":13254,"href":"https:\/\/busot.es\/publica\/wp-json\/wp\/v2\/posts\/13253\/revisions\/13254"}],"wp:attachment":[{"href":"https:\/\/busot.es\/publica\/wp-json\/wp\/v2\/media?parent=13253"}],"wp:term":[{"taxonomy":"category","embeddable":true,"href":"https:\/\/busot.es\/publica\/wp-json\/wp\/v2\/categories?post=13253"},{"taxonomy":"post_tag","embeddable":true,"href":"https:\/\/busot.es\/publica\/wp-json\/wp\/v2\/tags?post=13253"}],"curies":[{"name":"wp","href":"https:\/\/api.w.org\/{rel}","templated":true}]}}