{"id":13224,"date":"2018-01-04T13:16:00","date_gmt":"2018-01-04T12:16:00","guid":{"rendered":"https:\/\/busot.es\/publica\/?p=13224"},"modified":"2018-01-04T13:16:00","modified_gmt":"2018-01-04T12:16:00","slug":"inaugurado-la-expo-nadal-busot-una-exposicion-de-bicicletas-historicas","status":"publish","type":"post","link":"https:\/\/busot.es\/publica\/2018\/01\/04\/inaugurado-la-expo-nadal-busot-una-exposicion-de-bicicletas-historicas\/","title":{"rendered":"Inaugurado la Expo Nadal Busot, una exposici\u00f3n  de Bicicletas Hist\u00f3ricas"},"content":{"rendered":"[ad_1]\nHoy hemos inaugurado la Expo Nadal Busot, una exposici\u00f3n de Bicicletas Hist\u00f3ricas que durante 3 dias estar\u00e1n presentes en el Recinto Ferial ubicado en el Parking P\u00fablico de la Plaza de la Generalitat. Celeriferos del siglo XIX, monociclos, bicicletas de la Segunda Guerra Mundial, de Bomberos&#8230;30 ejemplares \u00fanicos de los que disfrutar estos dias en horario de 11 a 14 h. Y de 16 a 19 h. Con entrada gratuita. No os lo podeis perder.<br \/>\n<a href=\"https:\/\/www.facebook.com\/hashtag\/Busoteventos\">#Busoteventos<\/a> <a href=\"https:\/\/www.facebook.com\/hashtag\/Busotcultura\">#Busotcultura<\/a><\/p>\n<p><img decoding=\"async\" class=\"wp_automatic_fb_img\" title=\"\" src=\"https:\/\/scontent.xx.fbcdn.net\/v\/t1.0-9\/s720x720\/26166426_1562023380557163_2719196260152375137_n.jpg?oh=a3c1cb14af3a5f5e16e7dd1afb87da1b&amp;oe=5AFB8E3C\" \/><br \/>\n<img decoding=\"async\" class=\"wp_automatic_fb_img\" title=\"\" src=\"https:\/\/scontent.xx.fbcdn.net\/v\/t1.0-9\/s720x720\/26229757_1562023433890491_6818859464994609694_n.jpg?oh=3fdedcbf430df3325ed9abd55e92174c&amp;oe=5AB1007B\" \/><br \/>\n<img decoding=\"async\" class=\"wp_automatic_fb_img\" title=\"\" src=\"https:\/\/scontent.xx.fbcdn.net\/v\/t1.0-9\/s720x720\/26166258_1562023513890483_6761852787332077219_n.jpg?oh=61586027a5753ed27ebfe01e6d5b262c&amp;oe=5AEE3F01\" \/><br \/>\n<img decoding=\"async\" class=\"wp_automatic_fb_img\" title=\"\" src=\"https:\/\/scontent.xx.fbcdn.net\/v\/t1.0-9\/s720x720\/26165616_1562023577223810_2013052035843410686_n.jpg?oh=bc651724f39a5176cf659a676ca553b1&amp;oe=5AB7C02B\" \/><br \/>\n<img decoding=\"async\" class=\"wp_automatic_fb_img\" title=\"\" src=\"https:\/\/scontent.xx.fbcdn.net\/v\/t1.0-9\/s720x720\/26167006_1562023627223805_1336376876006451384_n.jpg?oh=44861771ee0fe3d8d00bef4927ea5260&amp;oe=5AF359D3\" \/><br \/>\n<img decoding=\"async\" class=\"wp_automatic_fb_img\" title=\"\" src=\"https:\/\/scontent.xx.fbcdn.net\/v\/t1.0-9\/s720x720\/26165860_1562023687223799_5455764919150836521_n.jpg?oh=c409638fcb390a0b22236d4dd3b6656e&amp;oe=5AB0E8B2\" \/><br \/>\n<img decoding=\"async\" class=\"wp_automatic_fb_img\" title=\"\" src=\"https:\/\/scontent.xx.fbcdn.net\/v\/t1.0-9\/s720x720\/26167976_1562023757223792_4483051664681777732_n.jpg?oh=81fdf4146af9c8ea070e7f319c09fc92&amp;oe=5AFE5344\" \/><br \/>\n<img decoding=\"async\" class=\"wp_automatic_fb_img\" title=\"\" src=\"https:\/\/scontent.xx.fbcdn.net\/v\/t1.0-9\/s720x720\/26196203_1562023817223786_7279828072755583972_n.jpg?oh=c24fe1ca4488bf88b50b7c238c0e3ec9&amp;oe=5AFC7CF6\" \/><br \/>\n<img decoding=\"async\" class=\"wp_automatic_fb_img\" title=\"\" src=\"https:\/\/scontent.xx.fbcdn.net\/v\/t1.0-9\/s720x720\/26169256_1562023857223782_668901512027788681_n.jpg?oh=9aaf4a89d629436255bad3204ebfa047&amp;oe=5AF05325\" \/><br \/>\n<img decoding=\"async\" class=\"wp_automatic_fb_img\" title=\"\" src=\"https:\/\/scontent.xx.fbcdn.net\/v\/t1.0-9\/s720x720\/26167098_1562023910557110_6706901953573905877_n.jpg?oh=b60a6eaf5aa89a231cf2ded894c992c5&amp;oe=5ABA144E\" \/><br \/>\n[ad_2]\n<p><a href=\"https:\/\/www.facebook.com\/135079353251580\/posts\/1562024013890433\">Ver en facebook<\/a><\/p>\n","protected":false},"excerpt":{"rendered":"<p>[ad_1] Hoy hemos inaugurado la Expo Nadal Busot, una exposici\u00f3n de Bicicletas Hist\u00f3ricas que durante 3 dias estar\u00e1n presentes en el Recinto Ferial ubicado en el Parking P\u00fablico de la Plaza de la Generalitat. Celeriferos del siglo XIX, monociclos, bicicletas de la Segunda Guerra Mundial, de Bomberos&#8230;30 ejemplares \u00fanicos de los que disfrutar estos dias [&hellip;]<\/p>\n","protected":false},"author":2,"featured_media":0,"comment_status":"open","ping_status":"closed","sticky":false,"template":"","format":"standard","meta":{"_monsterinsights_skip_tracking":false,"_monsterinsights_sitenote_active":false,"_monsterinsights_sitenote_note":"","_monsterinsights_sitenote_category":0,"footnotes":""},"categories":[39,38],"tags":[],"_links":{"self":[{"href":"https:\/\/busot.es\/publica\/wp-json\/wp\/v2\/posts\/13224"}],"collection":[{"href":"https:\/\/busot.es\/publica\/wp-json\/wp\/v2\/posts"}],"about":[{"href":"https:\/\/busot.es\/publica\/wp-json\/wp\/v2\/types\/post"}],"author":[{"embeddable":true,"href":"https:\/\/busot.es\/publica\/wp-json\/wp\/v2\/users\/2"}],"replies":[{"embeddable":true,"href":"https:\/\/busot.es\/publica\/wp-json\/wp\/v2\/comments?post=13224"}],"version-history":[{"count":1,"href":"https:\/\/busot.es\/publica\/wp-json\/wp\/v2\/posts\/13224\/revisions"}],"predecessor-version":[{"id":13225,"href":"https:\/\/busot.es\/publica\/wp-json\/wp\/v2\/posts\/13224\/revisions\/13225"}],"wp:attachment":[{"href":"https:\/\/busot.es\/publica\/wp-json\/wp\/v2\/media?parent=13224"}],"wp:term":[{"taxonomy":"category","embeddable":true,"href":"https:\/\/busot.es\/publica\/wp-json\/wp\/v2\/categories?post=13224"},{"taxonomy":"post_tag","embeddable":true,"href":"https:\/\/busot.es\/publica\/wp-json\/wp\/v2\/tags?post=13224"}],"curies":[{"name":"wp","href":"https:\/\/api.w.org\/{rel}","templated":true}]}}