{"id":13148,"date":"2017-11-24T14:07:57","date_gmt":"2017-11-24T13:07:57","guid":{"rendered":"https:\/\/busot.es\/publica\/?p=13148"},"modified":"2017-11-24T14:07:57","modified_gmt":"2017-11-24T13:07:57","slug":"declaracion-institucional-a-favor-de-erradicar-la-violencia-de-genero","status":"publish","type":"post","link":"https:\/\/busot.es\/publica\/2017\/11\/24\/declaracion-institucional-a-favor-de-erradicar-la-violencia-de-genero\/","title":{"rendered":"Declaraci\u00f3n institucional a favor de erradicar la violencia de g\u00e9nero"},"content":{"rendered":"[ad_1]\nHoy el Pleno del Ayuntamiento de Busot ha aprobado una declaraci\u00f3n institucional a favor de erradicar la violencia de g\u00e9nero, con motivo del D\u00eda Internacional para la Eliminaci\u00f3n de la Violencia contra las Mujeres, que se conmemora el pr\u00f3ximo s\u00e1bado 25 de noviembre.<\/p>\n<p><a href=\"https:\/\/www.facebook.com\/hashtag\/Busot\">#Busot<\/a> <a href=\"https:\/\/www.facebook.com\/hashtag\/NiUnaMenos\">#NiUnaMenos<\/a> <a href=\"https:\/\/www.facebook.com\/hashtag\/25N\">#25N<\/a><\/p>\n<p>Avui el Ple de l&#8217;Ajuntament de Busot ha aprovat una declaraci\u00f3 institucional a favor d&#8217;eradicar la viol\u00e8ncia de g\u00e8nere, amb motiu del Dia Internacional per a l&#8217;Eliminaci\u00f3 de la Viol\u00e8ncia contra les Dones, que es commemora dissabte que ve 25 de novembre.<\/p>\n<p><img decoding=\"async\" class=\"wp_automatic_fb_img\" title=\"\" src=\"https:\/\/scontent.xx.fbcdn.net\/v\/t1.0-9\/s720x720\/23755462_1522871307805704_7265487813699631246_n.jpg?oh=458a94a87598a71ca5a5a7c5b7ea21ec&amp;oe=5A916002\" \/><br \/>\n[ad_2]\n<p><a href=\"https:\/\/www.facebook.com\/135079353251580\/posts\/1522871467805688\">Ver en facebook<\/a><\/p>\n","protected":false},"excerpt":{"rendered":"<p>[ad_1] Hoy el Pleno del Ayuntamiento de Busot ha aprobado una declaraci\u00f3n institucional a favor de erradicar la violencia de g\u00e9nero, con motivo del D\u00eda Internacional para la Eliminaci\u00f3n de la Violencia contra las Mujeres, que se conmemora el pr\u00f3ximo s\u00e1bado 25 de noviembre. #Busot #NiUnaMenos #25N Avui el Ple de l&#8217;Ajuntament de Busot ha [&hellip;]<\/p>\n","protected":false},"author":2,"featured_media":0,"comment_status":"open","ping_status":"closed","sticky":false,"template":"","format":"standard","meta":{"_monsterinsights_skip_tracking":false,"_monsterinsights_sitenote_active":false,"_monsterinsights_sitenote_note":"","_monsterinsights_sitenote_category":0,"footnotes":""},"categories":[39,38],"tags":[],"_links":{"self":[{"href":"https:\/\/busot.es\/publica\/wp-json\/wp\/v2\/posts\/13148"}],"collection":[{"href":"https:\/\/busot.es\/publica\/wp-json\/wp\/v2\/posts"}],"about":[{"href":"https:\/\/busot.es\/publica\/wp-json\/wp\/v2\/types\/post"}],"author":[{"embeddable":true,"href":"https:\/\/busot.es\/publica\/wp-json\/wp\/v2\/users\/2"}],"replies":[{"embeddable":true,"href":"https:\/\/busot.es\/publica\/wp-json\/wp\/v2\/comments?post=13148"}],"version-history":[{"count":1,"href":"https:\/\/busot.es\/publica\/wp-json\/wp\/v2\/posts\/13148\/revisions"}],"predecessor-version":[{"id":13149,"href":"https:\/\/busot.es\/publica\/wp-json\/wp\/v2\/posts\/13148\/revisions\/13149"}],"wp:attachment":[{"href":"https:\/\/busot.es\/publica\/wp-json\/wp\/v2\/media?parent=13148"}],"wp:term":[{"taxonomy":"category","embeddable":true,"href":"https:\/\/busot.es\/publica\/wp-json\/wp\/v2\/categories?post=13148"},{"taxonomy":"post_tag","embeddable":true,"href":"https:\/\/busot.es\/publica\/wp-json\/wp\/v2\/tags?post=13148"}],"curies":[{"name":"wp","href":"https:\/\/api.w.org\/{rel}","templated":true}]}}