{"id":13081,"date":"2017-10-27T13:22:02","date_gmt":"2017-10-27T12:22:02","guid":{"rendered":"https:\/\/busot.es\/publica\/?p=13081"},"modified":"2017-10-31T08:44:50","modified_gmt":"2017-10-31T07:44:50","slug":"subvencion-para-jornadas-formativas-para-desempleados","status":"publish","type":"post","link":"https:\/\/busot.es\/publica\/2017\/10\/27\/subvencion-para-jornadas-formativas-para-desempleados\/","title":{"rendered":"Subvenci\u00f3n para jornadas formativas para desempleados"},"content":{"rendered":"<p><img loading=\"lazy\" decoding=\"async\" class=\"aligncenter wp-image-12204\" src=\"https:\/\/busot.es\/publica\/wp-content\/uploads\/2016\/08\/logo-azul-va-2.png\" alt=\"\" width=\"404\" height=\"231\" srcset=\"https:\/\/busot.es\/publica\/wp-content\/uploads\/2016\/08\/logo-azul-va-2.png 827w, https:\/\/busot.es\/publica\/wp-content\/uploads\/2016\/08\/logo-azul-va-2-300x171.png 300w, https:\/\/busot.es\/publica\/wp-content\/uploads\/2016\/08\/logo-azul-va-2-768x438.png 768w\" sizes=\"(max-width: 404px) 100vw, 404px\" \/><\/p>\n<p>La Junta de Gobierno de la Excma. Diputaci\u00f3n Provincial de Alicante, en sesi\u00f3n ordinaria celebrada el d\u00eda 31 de mayo de 2017, adopt\u00f3 acuerdo por el que concede, dentro de la Convocatoria de ayudas a Ayuntamientos de la provincia de Alicante para la realizaci\u00f3n de actuaciones en materia de promoci\u00f3n econ\u00f3mica, anualidad 2017, subvenci\u00f3n para \u00abGASTOS DE ORGANIZACI\u00d3N DE JORNADAS FORMATIVAS PARA DESEMPLEADOS\u00bb de 3.550,00 euros, al amparo de la precitada convocatoria, cuyo extracto fue publicado en el Bolet\u00edn Oficial de la Provincia de Alicante N\u00fam. 14, de fecha 20 de enero de 2017.<\/p>\n","protected":false},"excerpt":{"rendered":"<p>La Junta de Gobierno de la Excma. Diputaci\u00f3n Provincial de Alicante, en sesi\u00f3n ordinaria celebrada el d\u00eda 31 de mayo de 2017, adopt\u00f3 acuerdo por el que concede, dentro de la Convocatoria de ayudas a Ayuntamientos de la provincia de Alicante para la realizaci\u00f3n de actuaciones en materia de promoci\u00f3n econ\u00f3mica, anualidad 2017, subvenci\u00f3n para [&hellip;]<\/p>\n","protected":false},"author":3,"featured_media":12204,"comment_status":"open","ping_status":"closed","sticky":false,"template":"","format":"standard","meta":{"_monsterinsights_skip_tracking":false,"_monsterinsights_sitenote_active":false,"_monsterinsights_sitenote_note":"","_monsterinsights_sitenote_category":0,"footnotes":""},"categories":[41],"tags":[],"_links":{"self":[{"href":"https:\/\/busot.es\/publica\/wp-json\/wp\/v2\/posts\/13081"}],"collection":[{"href":"https:\/\/busot.es\/publica\/wp-json\/wp\/v2\/posts"}],"about":[{"href":"https:\/\/busot.es\/publica\/wp-json\/wp\/v2\/types\/post"}],"author":[{"embeddable":true,"href":"https:\/\/busot.es\/publica\/wp-json\/wp\/v2\/users\/3"}],"replies":[{"embeddable":true,"href":"https:\/\/busot.es\/publica\/wp-json\/wp\/v2\/comments?post=13081"}],"version-history":[{"count":1,"href":"https:\/\/busot.es\/publica\/wp-json\/wp\/v2\/posts\/13081\/revisions"}],"predecessor-version":[{"id":13082,"href":"https:\/\/busot.es\/publica\/wp-json\/wp\/v2\/posts\/13081\/revisions\/13082"}],"wp:featuredmedia":[{"embeddable":true,"href":"https:\/\/busot.es\/publica\/wp-json\/wp\/v2\/media\/12204"}],"wp:attachment":[{"href":"https:\/\/busot.es\/publica\/wp-json\/wp\/v2\/media?parent=13081"}],"wp:term":[{"taxonomy":"category","embeddable":true,"href":"https:\/\/busot.es\/publica\/wp-json\/wp\/v2\/categories?post=13081"},{"taxonomy":"post_tag","embeddable":true,"href":"https:\/\/busot.es\/publica\/wp-json\/wp\/v2\/tags?post=13081"}],"curies":[{"name":"wp","href":"https:\/\/api.w.org\/{rel}","templated":true}]}}