{"id":12969,"date":"2017-09-22T13:22:16","date_gmt":"2017-09-22T12:22:16","guid":{"rendered":"https:\/\/busot.es\/publica\/?p=12969"},"modified":"2017-09-22T13:22:16","modified_gmt":"2017-09-22T12:22:16","slug":"informacion-sobre-las-empresas-del-municipio","status":"publish","type":"post","link":"https:\/\/busot.es\/publica\/2017\/09\/22\/informacion-sobre-las-empresas-del-municipio\/","title":{"rendered":"Informaci\u00f3n sobre las empresas del municipio"},"content":{"rendered":"[ad_1]\nEl Ayuntamiento de Busot est\u00e1 haciendo un registro de todas la empresas del municipio, da lo mismo la forma jur\u00eddica; aut\u00f3nomos, sociedades, cooperativas, etc. Para posteriormente emprender acciones de promoci\u00f3n, averiguar las necesidades que ten\u00e9is; de formaci\u00f3n, de contrataci\u00f3n, etc. y generar un registro de proveedores municipales. El objetivo es promover el tejido empresarial de <a href=\"https:\/\/www.facebook.com\/hashtag\/Busot\">#Busot<\/a>.<\/p>\n<p>As\u00ed que os pedimos a todos las empresas del municipio, que a\u00fan no hay\u00e1is sido contactadas por la Agente de Desarrollo local, Montse S\u00e1nchez, que os pong\u00e1is en contacto con ella para que os registre. En el m\u00f3vil es 695.20.27.18 o en el correo electr\u00f3nico adlbusot@busot.es.<\/p>\n<p>Gracias y recordar, que todos juntos <a href=\"https:\/\/www.facebook.com\/hashtag\/FemPoble\">#FemPoble<\/a>.<\/p>\n<p>L&#8217;Ajuntament de Busot est\u00e0 fent un registre de totes l&#8217;empreses del municipi, d\u00f3na el mateix la forma jur\u00eddica; aut\u00f2noms, societats, cooperatives, etc. Per a posteriorment emprendre accions de promoci\u00f3, esbrinar les necessitats que teniu; de formaci\u00f3, de contractaci\u00f3, etc. i generar un registre de prove\u00efdors municipals. L&#8217;objectiu \u00e9s promoure el teixit empresarial de Busot.<\/p>\n<p>Aix\u00ed que us demanem a tots les empreses del municipi, que encara no h\u00e0geu sigut contactades per l&#8217;Agent de Desenvolupament local, Montse S\u00e1nchez, que us poseu en contacte amb ella perqu\u00e8 us registre. En el m\u00f2bil \u00e9s 695.20.27.18 o en el correu electr\u00f2nic adlbusot@busot.es.<\/p>\n<p>Gr\u00e0cies i recordar, que tots junts <a href=\"https:\/\/www.facebook.com\/hashtag\/FemPoble\">#FemPoble<\/a>.<\/p>\n<p><img decoding=\"async\" class=\"wp_automatic_fb_img\" title=\"\" src=\"https:\/\/scontent.xx.fbcdn.net\/v\/t1.0-0\/p180x540\/21617913_1465283273564508_6766178224379585048_n.jpg?oh=50f7f7ab4279b779ccc8c09d800bda97&amp;oe=5A882CFF\" \/><br \/>\n[ad_2]\n<p><a href=\"https:\/\/www.facebook.com\/135079353251580\/posts\/1465283456897823\">Ver en facebook<\/a><\/p>\n","protected":false},"excerpt":{"rendered":"<p>[ad_1] El Ayuntamiento de Busot est\u00e1 haciendo un registro de todas la empresas del municipio, da lo mismo la forma jur\u00eddica; aut\u00f3nomos, sociedades, cooperativas, etc. Para posteriormente emprender acciones de promoci\u00f3n, averiguar las necesidades que ten\u00e9is; de formaci\u00f3n, de contrataci\u00f3n, etc. y generar un registro de proveedores municipales. El objetivo es promover el tejido empresarial [&hellip;]<\/p>\n","protected":false},"author":2,"featured_media":0,"comment_status":"open","ping_status":"closed","sticky":false,"template":"","format":"standard","meta":{"_monsterinsights_skip_tracking":false,"_monsterinsights_sitenote_active":false,"_monsterinsights_sitenote_note":"","_monsterinsights_sitenote_category":0,"footnotes":""},"categories":[39,38],"tags":[],"_links":{"self":[{"href":"https:\/\/busot.es\/publica\/wp-json\/wp\/v2\/posts\/12969"}],"collection":[{"href":"https:\/\/busot.es\/publica\/wp-json\/wp\/v2\/posts"}],"about":[{"href":"https:\/\/busot.es\/publica\/wp-json\/wp\/v2\/types\/post"}],"author":[{"embeddable":true,"href":"https:\/\/busot.es\/publica\/wp-json\/wp\/v2\/users\/2"}],"replies":[{"embeddable":true,"href":"https:\/\/busot.es\/publica\/wp-json\/wp\/v2\/comments?post=12969"}],"version-history":[{"count":1,"href":"https:\/\/busot.es\/publica\/wp-json\/wp\/v2\/posts\/12969\/revisions"}],"predecessor-version":[{"id":12970,"href":"https:\/\/busot.es\/publica\/wp-json\/wp\/v2\/posts\/12969\/revisions\/12970"}],"wp:attachment":[{"href":"https:\/\/busot.es\/publica\/wp-json\/wp\/v2\/media?parent=12969"}],"wp:term":[{"taxonomy":"category","embeddable":true,"href":"https:\/\/busot.es\/publica\/wp-json\/wp\/v2\/categories?post=12969"},{"taxonomy":"post_tag","embeddable":true,"href":"https:\/\/busot.es\/publica\/wp-json\/wp\/v2\/tags?post=12969"}],"curies":[{"name":"wp","href":"https:\/\/api.w.org\/{rel}","templated":true}]}}