{"id":12946,"date":"2017-09-08T17:25:35","date_gmt":"2017-09-08T16:25:35","guid":{"rendered":"https:\/\/busot.es\/publica\/?p=12946"},"modified":"2017-09-08T17:25:35","modified_gmt":"2017-09-08T16:25:35","slug":"hoy-os-presentamos-a-jose-javier-perez-briones-jj-perez-piloto-oficial-de-la-escuderia-renault","status":"publish","type":"post","link":"https:\/\/busot.es\/publica\/2017\/09\/08\/hoy-os-presentamos-a-jose-javier-perez-briones-jj-perez-piloto-oficial-de-la-escuderia-renault\/","title":{"rendered":"Hoy os presentamos a  Jos\u00e9 Javier P\u00e9rez Briones, \u00abJJ P\u00e9rez\u00bb, piloto Oficial de la Escuderia Renault"},"content":{"rendered":"[ad_1]\nBUSOTDEPORTE<br \/>\nHoy os presentamos a Jos\u00e9 Javier P\u00e9rez Briones, \u00abJJ P\u00e9rez\u00bb, piloto Oficial de la Escuderia Renault, que junto a su copiloto Alberto Espino, compite en el Campeonato de Espa\u00f1a de Rallye Trofeo Clio R3T Iberia Trophy, y que representa a Busot a lo largo y ancho de Espa\u00f1a y Portugal. Cosigui\u00f3 un magn\u00edfico segundo puesto en el Rally de Ferrol y una espectacular victoria en el Rally de Ourense. El pasado fin de semana, JJ nos visit\u00f3 con todo su equipo, realizando un test en un tramo habilitado en la carretera \u00abDetr\u00e1s de la Sierra\u00bb, donde exhibi\u00f3 su destreza al volante para deleite de los aficionados y donde pudo poner a punto su prototipo para el pr\u00f3ximo Rally Princesa de Asturias. Os deseamos mucha suerte.<br \/>\n<a href=\"https:\/\/www.facebook.com\/hashtag\/Busotesdeporte\">#Busotesdeporte<\/a><\/p>\n<p><img decoding=\"async\" class=\"wp_automatic_fb_img\" title=\"\" src=\"https:\/\/scontent.xx.fbcdn.net\/v\/t1.0-9\/s720x720\/21371278_1453883298037839_394464115784407519_n.jpg?oh=1013617abb15caf8a3b9e468c8d3ec29&amp;oe=5A21EF3D\" \/><br \/>\n<img decoding=\"async\" class=\"wp_automatic_fb_img\" title=\"\" src=\"https:\/\/scontent.xx.fbcdn.net\/v\/t1.0-9\/s720x720\/21317942_1453883364704499_5744565502844791278_n.jpg?oh=1963be9c08042c269edd5565ac2ce1f9&amp;oe=5A4C1D1B\" \/><br \/>\n<img decoding=\"async\" class=\"wp_automatic_fb_img\" title=\"\" src=\"https:\/\/scontent.xx.fbcdn.net\/v\/t1.0-9\/s720x720\/21433200_1453883428037826_2274451389865995703_n.jpg?oh=d5489f86b02ee707e2cc75c42422f905&amp;oe=5A207430\" \/><br \/>\n<img decoding=\"async\" class=\"wp_automatic_fb_img\" title=\"\" src=\"https:\/\/scontent.xx.fbcdn.net\/v\/t1.0-9\/s720x720\/21369440_1453883531371149_5719688802485145758_n.jpg?oh=ddf3cf0f4c3cf5eb77c13df4d1cdcbbc&amp;oe=5A12FA2D\" \/><br \/>\n<img decoding=\"async\" class=\"wp_automatic_fb_img\" title=\"\" src=\"https:\/\/scontent.xx.fbcdn.net\/v\/t1.0-0\/p180x540\/21369546_1453883571371145_4926132249065893789_n.jpg?oh=a42f77deb2dcf5cb733b2e3ef8f4cd1f&amp;oe=5A154CEF\" \/><br \/>\n<img decoding=\"async\" class=\"wp_automatic_fb_img\" title=\"\" src=\"https:\/\/scontent.xx.fbcdn.net\/v\/t1.0-9\/21369559_1453883608037808_1857729144992063878_n.jpg?oh=96d0e40d983d640fad933c1094491f1a&amp;oe=5A5764D6\" \/><br \/>\n[ad_2]\n<p><a href=\"https:\/\/www.facebook.com\/135079353251580\/posts\/1453883701371132\">Ver en facebook<\/a><\/p>\n","protected":false},"excerpt":{"rendered":"<p>[ad_1] BUSOTDEPORTE Hoy os presentamos a Jos\u00e9 Javier P\u00e9rez Briones, \u00abJJ P\u00e9rez\u00bb, piloto Oficial de la Escuderia Renault, que junto a su copiloto Alberto Espino, compite en el Campeonato de Espa\u00f1a de Rallye Trofeo Clio R3T Iberia Trophy, y que representa a Busot a lo largo y ancho de Espa\u00f1a y Portugal. Cosigui\u00f3 un magn\u00edfico [&hellip;]<\/p>\n","protected":false},"author":2,"featured_media":0,"comment_status":"open","ping_status":"closed","sticky":false,"template":"","format":"standard","meta":{"_monsterinsights_skip_tracking":false,"_monsterinsights_sitenote_active":false,"_monsterinsights_sitenote_note":"","_monsterinsights_sitenote_category":0,"footnotes":""},"categories":[39,38],"tags":[],"_links":{"self":[{"href":"https:\/\/busot.es\/publica\/wp-json\/wp\/v2\/posts\/12946"}],"collection":[{"href":"https:\/\/busot.es\/publica\/wp-json\/wp\/v2\/posts"}],"about":[{"href":"https:\/\/busot.es\/publica\/wp-json\/wp\/v2\/types\/post"}],"author":[{"embeddable":true,"href":"https:\/\/busot.es\/publica\/wp-json\/wp\/v2\/users\/2"}],"replies":[{"embeddable":true,"href":"https:\/\/busot.es\/publica\/wp-json\/wp\/v2\/comments?post=12946"}],"version-history":[{"count":1,"href":"https:\/\/busot.es\/publica\/wp-json\/wp\/v2\/posts\/12946\/revisions"}],"predecessor-version":[{"id":12948,"href":"https:\/\/busot.es\/publica\/wp-json\/wp\/v2\/posts\/12946\/revisions\/12948"}],"wp:attachment":[{"href":"https:\/\/busot.es\/publica\/wp-json\/wp\/v2\/media?parent=12946"}],"wp:term":[{"taxonomy":"category","embeddable":true,"href":"https:\/\/busot.es\/publica\/wp-json\/wp\/v2\/categories?post=12946"},{"taxonomy":"post_tag","embeddable":true,"href":"https:\/\/busot.es\/publica\/wp-json\/wp\/v2\/tags?post=12946"}],"curies":[{"name":"wp","href":"https:\/\/api.w.org\/{rel}","templated":true}]}}