{"id":12937,"date":"2017-08-30T20:35:24","date_gmt":"2017-08-30T19:35:24","guid":{"rendered":"https:\/\/busot.es\/publica\/?p=12937"},"modified":"2017-08-30T20:35:24","modified_gmt":"2017-08-30T19:35:24","slug":"ultima-edicion-del-busot-mercat-rastro-vintage-estival","status":"publish","type":"post","link":"https:\/\/busot.es\/publica\/2017\/08\/30\/ultima-edicion-del-busot-mercat-rastro-vintage-estival\/","title":{"rendered":"\u00daltima edici\u00f3n del Busot Mercat Rastro Vintage estival."},"content":{"rendered":"[ad_1]\nNo os perd\u00e1is este s\u00e1bado 2 de septiembre, la \u00faltima edici\u00f3n del Busot Mercat Rastro Vintage estival. Contaremos con la actuaci\u00f3n de Almaens Jazz Band y Ver\u00f3nica Swing, artesan\u00eda local, talleres gratuitos, puntos de trueque, etc, etc.<\/p>\n<p>\u00bfSe te ocurre mejor manera de despedir el verano? \ud83d\ude09<\/p>\n<p><a href=\"https:\/\/www.facebook.com\/hashtag\/Busot\">#Busot<\/a> <a href=\"https:\/\/www.facebook.com\/hashtag\/BusotMercat\">#BusotMercat<\/a> <a href=\"https:\/\/www.facebook.com\/hashtag\/Rastro\">#Rastro<\/a> <a href=\"https:\/\/www.facebook.com\/hashtag\/Vintage\">#Vintage<\/a> <a href=\"https:\/\/www.facebook.com\/hashtag\/SegundaMano\">#SegundaMano<\/a><\/p>\n<p>No us perdeu aquest dissabte 2 de setembre, l&#8217;\u00faltima edici\u00f3 del Busot Mercat Rastre Vintage estival. Comptarem amb l&#8217;actuaci\u00f3 de Almaens Jazz Band i Ver\u00f3nica Swing, artesania local, tallers gratu\u00efts, punts de barata, etc, etc.<\/p>\n<p>Se t&#8217;ocorre millor manera d&#8217;acomiadar l&#8217;estiu? \ud83d\ude09<\/p>\n<p><img decoding=\"async\" class=\"wp_automatic_fb_img\" title=\"\" src=\"https:\/\/scontent.xx.fbcdn.net\/v\/t1.0-9\/s720x720\/21192467_1445329452226557_3174565883653320959_n.jpg?oh=05e8cc26fd7c13d01abd3de8c31305be&amp;oe=5A2604F6\" \/><br \/>\n[ad_2]\n<p><a href=\"https:\/\/www.facebook.com\/135079353251580\/posts\/1445334038892765\">Ver en facebook<\/a><\/p>\n","protected":false},"excerpt":{"rendered":"<p>[ad_1] No os perd\u00e1is este s\u00e1bado 2 de septiembre, la \u00faltima edici\u00f3n del Busot Mercat Rastro Vintage estival. Contaremos con la actuaci\u00f3n de Almaens Jazz Band y Ver\u00f3nica Swing, artesan\u00eda local, talleres gratuitos, puntos de trueque, etc, etc. \u00bfSe te ocurre mejor manera de despedir el verano? \ud83d\ude09 #Busot #BusotMercat #Rastro #Vintage #SegundaMano No us [&hellip;]<\/p>\n","protected":false},"author":2,"featured_media":0,"comment_status":"open","ping_status":"closed","sticky":false,"template":"","format":"standard","meta":{"_monsterinsights_skip_tracking":false,"_monsterinsights_sitenote_active":false,"_monsterinsights_sitenote_note":"","_monsterinsights_sitenote_category":0,"footnotes":""},"categories":[39,38],"tags":[],"_links":{"self":[{"href":"https:\/\/busot.es\/publica\/wp-json\/wp\/v2\/posts\/12937"}],"collection":[{"href":"https:\/\/busot.es\/publica\/wp-json\/wp\/v2\/posts"}],"about":[{"href":"https:\/\/busot.es\/publica\/wp-json\/wp\/v2\/types\/post"}],"author":[{"embeddable":true,"href":"https:\/\/busot.es\/publica\/wp-json\/wp\/v2\/users\/2"}],"replies":[{"embeddable":true,"href":"https:\/\/busot.es\/publica\/wp-json\/wp\/v2\/comments?post=12937"}],"version-history":[{"count":1,"href":"https:\/\/busot.es\/publica\/wp-json\/wp\/v2\/posts\/12937\/revisions"}],"predecessor-version":[{"id":12938,"href":"https:\/\/busot.es\/publica\/wp-json\/wp\/v2\/posts\/12937\/revisions\/12938"}],"wp:attachment":[{"href":"https:\/\/busot.es\/publica\/wp-json\/wp\/v2\/media?parent=12937"}],"wp:term":[{"taxonomy":"category","embeddable":true,"href":"https:\/\/busot.es\/publica\/wp-json\/wp\/v2\/categories?post=12937"},{"taxonomy":"post_tag","embeddable":true,"href":"https:\/\/busot.es\/publica\/wp-json\/wp\/v2\/tags?post=12937"}],"curies":[{"name":"wp","href":"https:\/\/api.w.org\/{rel}","templated":true}]}}