{"id":12913,"date":"2017-08-22T15:01:17","date_gmt":"2017-08-22T14:01:17","guid":{"rendered":"https:\/\/busot.es\/publica\/?p=12913"},"modified":"2017-08-22T15:01:17","modified_gmt":"2017-08-22T14:01:17","slug":"finalizo-el-i-torneo-de-padel-busotdeporte-2017","status":"publish","type":"post","link":"https:\/\/busot.es\/publica\/2017\/08\/22\/finalizo-el-i-torneo-de-padel-busotdeporte-2017\/","title":{"rendered":"Finaliz\u00f3 el I Torneo de P\u00e1del Busotdeporte 2017."},"content":{"rendered":"[ad_1]\nBUSOTDEPORTE<br \/>\nFinaliz\u00f3 el I Torneo de P\u00e1del Busotdeporte 2017, poniendo punto final al verano m\u00e1s deportivo, repleto de F\u00fatbol Sala, Tenis, Petanca, Tenis de Mesa y P\u00e1del. Mucha participaci\u00f3n y mejor nivel , con unas semifinales espectaculares con jugadores de Segunda Divisi\u00f3n y una gran final. La pareja formada por Juan Miguel y su hija Andrea, se proclamaron justos Campeones venciendo en la final a Fernando y Alexis, tambi\u00e9n padre e hijo, en un gran encuentro. En tercera posici\u00f3n acab\u00f3 la pareja formada por Vicente y \u00c1lvaro, que cayeron en semis frente a los Campeones en un partido espectacular. Gracias a todos los participantes, y os esperamos en la venidera Liga de P\u00e1del Municipal de Busotdeporte.<br \/>\n<a href=\"https:\/\/www.facebook.com\/hashtag\/Busotesdeporte\">#Busotesdeporte<\/a><\/p>\n<p><img decoding=\"async\" class=\"wp_automatic_fb_img\" title=\"\" src=\"https:\/\/scontent.xx.fbcdn.net\/v\/t1.0-9\/s720x720\/20994202_1438324699593699_3705627013710691095_n.jpg?oh=cb29f224d4d8cfcb8577ce66ceca4e5a&amp;oe=5A2F340D\" \/><br \/>\n<img decoding=\"async\" class=\"wp_automatic_fb_img\" title=\"\" src=\"https:\/\/scontent.xx.fbcdn.net\/v\/t1.0-9\/s720x720\/20992739_1438324722927030_2735763220305520385_n.jpg?oh=c878c517300d7f4bae383d66e12663f1&amp;oe=5A2EA950\" \/><br \/>\n<img decoding=\"async\" class=\"wp_automatic_fb_img\" title=\"\" src=\"https:\/\/scontent.xx.fbcdn.net\/v\/t1.0-9\/s720x720\/20994074_1438324756260360_6370056470568596816_n.jpg?oh=2543ee52f3137d085ddf2e8b6c2fff7d&amp;oe=5A2047E7\" \/><br \/>\n<img decoding=\"async\" class=\"wp_automatic_fb_img\" title=\"\" src=\"https:\/\/scontent.xx.fbcdn.net\/v\/t1.0-9\/20915611_1438324766260359_59761887934384632_n.jpg?oh=73b9e1cc9b9050d81b2ffb128dbe6f06&amp;oe=5A12D924\" \/><br \/>\n<img decoding=\"async\" class=\"wp_automatic_fb_img\" title=\"\" src=\"https:\/\/scontent.xx.fbcdn.net\/v\/t1.0-9\/s720x720\/20954008_1438324789593690_8813424580864259632_n.jpg?oh=a3b5634b50ff6e7a2b216535a342aeb7&amp;oe=5A37C674\" \/><br \/>\n<img decoding=\"async\" class=\"wp_automatic_fb_img\" title=\"\" src=\"https:\/\/scontent.xx.fbcdn.net\/v\/t1.0-0\/p180x540\/20915357_1438324829593686_8623406508326474697_n.jpg?oh=5c3884516542e0fd19ea00b9a195ddaf&amp;oe=5A24FEAB\" \/><br \/>\n[ad_2]\n<p><a href=\"https:\/\/www.facebook.com\/135079353251580\/posts\/1438324859593683\">Ver en facebook<\/a><\/p>\n","protected":false},"excerpt":{"rendered":"<p>[ad_1] BUSOTDEPORTE Finaliz\u00f3 el I Torneo de P\u00e1del Busotdeporte 2017, poniendo punto final al verano m\u00e1s deportivo, repleto de F\u00fatbol Sala, Tenis, Petanca, Tenis de Mesa y P\u00e1del. Mucha participaci\u00f3n y mejor nivel , con unas semifinales espectaculares con jugadores de Segunda Divisi\u00f3n y una gran final. La pareja formada por Juan Miguel y su [&hellip;]<\/p>\n","protected":false},"author":2,"featured_media":0,"comment_status":"open","ping_status":"closed","sticky":false,"template":"","format":"standard","meta":{"_monsterinsights_skip_tracking":false,"_monsterinsights_sitenote_active":false,"_monsterinsights_sitenote_note":"","_monsterinsights_sitenote_category":0,"footnotes":""},"categories":[39,38],"tags":[],"_links":{"self":[{"href":"https:\/\/busot.es\/publica\/wp-json\/wp\/v2\/posts\/12913"}],"collection":[{"href":"https:\/\/busot.es\/publica\/wp-json\/wp\/v2\/posts"}],"about":[{"href":"https:\/\/busot.es\/publica\/wp-json\/wp\/v2\/types\/post"}],"author":[{"embeddable":true,"href":"https:\/\/busot.es\/publica\/wp-json\/wp\/v2\/users\/2"}],"replies":[{"embeddable":true,"href":"https:\/\/busot.es\/publica\/wp-json\/wp\/v2\/comments?post=12913"}],"version-history":[{"count":1,"href":"https:\/\/busot.es\/publica\/wp-json\/wp\/v2\/posts\/12913\/revisions"}],"predecessor-version":[{"id":12915,"href":"https:\/\/busot.es\/publica\/wp-json\/wp\/v2\/posts\/12913\/revisions\/12915"}],"wp:attachment":[{"href":"https:\/\/busot.es\/publica\/wp-json\/wp\/v2\/media?parent=12913"}],"wp:term":[{"taxonomy":"category","embeddable":true,"href":"https:\/\/busot.es\/publica\/wp-json\/wp\/v2\/categories?post=12913"},{"taxonomy":"post_tag","embeddable":true,"href":"https:\/\/busot.es\/publica\/wp-json\/wp\/v2\/tags?post=12913"}],"curies":[{"name":"wp","href":"https:\/\/api.w.org\/{rel}","templated":true}]}}