{"id":12838,"date":"2017-07-25T09:37:03","date_gmt":"2017-07-25T08:37:03","guid":{"rendered":"https:\/\/busot.es\/publica\/?p=12838"},"modified":"2017-07-25T09:37:03","modified_gmt":"2017-07-25T08:37:03","slug":"inicio-de-las-obras-de-la-nueva-escalera-de-acceso-a-la-plaza-de-la-generalitat","status":"publish","type":"post","link":"https:\/\/busot.es\/publica\/2017\/07\/25\/inicio-de-las-obras-de-la-nueva-escalera-de-acceso-a-la-plaza-de-la-generalitat\/","title":{"rendered":"Inicio de las obras de la nueva escalera de acceso a la plaza de la Generalitat"},"content":{"rendered":"[ad_1]\nLa pasada semana empezaron las obras de construcci\u00f3n de la nueva escalera de acceso a la plaza de la Generalitat desde el parking de la escuela infantil y consolidaci\u00f3n los muros de mamposter\u00eda, que adem\u00e1s tendr\u00e1 continuidad con la construcci\u00f3n de una nueva acera perimetral por la base del monte del castillo, que permitir\u00e1 una mejora en la seguridad vial y de accesibilidad.<br \/>\n<a href=\"https:\/\/www.facebook.com\/hashtag\/Busotmejora\">#Busotmejora<\/a> <a href=\"https:\/\/www.facebook.com\/hashtag\/Busotaccesible\">#Busotaccesible<\/a> <a href=\"https:\/\/www.facebook.com\/hashtag\/PasearporBusot\">#PasearporBusot<\/a><\/p>\n<p><img decoding=\"async\" class=\"wp_automatic_fb_img\" title=\"\" src=\"https:\/\/scontent.xx.fbcdn.net\/v\/t1.0-9\/s720x720\/20246255_1412750712151098_4940909475343677636_n.jpg?oh=dde1ae3ed3451305a11b37161fc416dc&amp;oe=5A0C416A\" \/><br \/>\n<img decoding=\"async\" class=\"wp_automatic_fb_img\" title=\"\" src=\"https:\/\/scontent.xx.fbcdn.net\/v\/t1.0-9\/s720x720\/20375721_1412750708817765_4384496205826786649_n.jpg?oh=0ef99b339274e4e8d57a048ae31d5319&amp;oe=5A0D1C56\" \/><br \/>\n<img decoding=\"async\" class=\"wp_automatic_fb_img\" title=\"\" src=\"https:\/\/scontent.xx.fbcdn.net\/v\/t1.0-0\/p180x540\/20265102_1412750728817763_5760119556590003497_n.jpg?oh=1d4dd8e8d19891aa6f7d5128f5273acc&amp;oe=59FAA4F9\" \/><br \/>\n<img decoding=\"async\" class=\"wp_automatic_fb_img\" title=\"\" src=\"https:\/\/scontent.xx.fbcdn.net\/v\/t1.0-0\/p180x540\/20246207_1412750732151096_3582793845516194634_n.jpg?oh=894a05f5936a72789fd3cd69ce5a457f&amp;oe=59F94EB4\" \/><br \/>\n<img decoding=\"async\" class=\"wp_automatic_fb_img\" title=\"\" src=\"https:\/\/scontent.xx.fbcdn.net\/v\/t1.0-0\/p180x540\/20246359_1412750765484426_153302563640213544_n.jpg?oh=3036d6bb74bf8866a16a8149b30a55b2&amp;oe=5A006A17\" \/><br \/>\n<img decoding=\"async\" class=\"wp_automatic_fb_img\" title=\"\" src=\"https:\/\/scontent.xx.fbcdn.net\/v\/t1.0-9\/s720x720\/20294399_1412750772151092_801174296687864665_n.jpg?oh=97ca181207c35c3f894e00efe6f6e508&amp;oe=5A0695E6\" \/><br \/>\n<img decoding=\"async\" class=\"wp_automatic_fb_img\" title=\"\" src=\"https:\/\/scontent.xx.fbcdn.net\/v\/t1.0-0\/p180x540\/20258408_1412750802151089_2760037678049702691_n.jpg?oh=3f6a2160263be337e3dec8661847ad34&amp;oe=59F4E1EF\" \/><br \/>\n<img decoding=\"async\" class=\"wp_automatic_fb_img\" title=\"\" src=\"https:\/\/scontent.xx.fbcdn.net\/v\/t1.0-0\/p180x540\/20264613_1412750818817754_8179034646512835967_n.jpg?oh=92897ff4387e6c9862841af67fa0dc44&amp;oe=59F17F7B\" \/><br \/>\n<img decoding=\"async\" class=\"wp_automatic_fb_img\" title=\"\" src=\"https:\/\/scontent.xx.fbcdn.net\/v\/t1.0-0\/p180x540\/20258039_1412750842151085_2635210663920417940_n.jpg?oh=4beb0e8ea5c7ed4690923e3e89eacd08&amp;oe=59F33117\" \/><br \/>\n[ad_2]\n<p><a href=\"https:\/\/www.facebook.com\/135079353251580\/posts\/1412750885484414\">Ver en facebook<\/a><\/p>\n","protected":false},"excerpt":{"rendered":"<p>[ad_1] La pasada semana empezaron las obras de construcci\u00f3n de la nueva escalera de acceso a la plaza de la Generalitat desde el parking de la escuela infantil y consolidaci\u00f3n los muros de mamposter\u00eda, que adem\u00e1s tendr\u00e1 continuidad con la construcci\u00f3n de una nueva acera perimetral por la base del monte del castillo, que permitir\u00e1 [&hellip;]<\/p>\n","protected":false},"author":2,"featured_media":0,"comment_status":"open","ping_status":"closed","sticky":false,"template":"","format":"standard","meta":{"_monsterinsights_skip_tracking":false,"_monsterinsights_sitenote_active":false,"_monsterinsights_sitenote_note":"","_monsterinsights_sitenote_category":0,"footnotes":""},"categories":[39,38],"tags":[],"_links":{"self":[{"href":"https:\/\/busot.es\/publica\/wp-json\/wp\/v2\/posts\/12838"}],"collection":[{"href":"https:\/\/busot.es\/publica\/wp-json\/wp\/v2\/posts"}],"about":[{"href":"https:\/\/busot.es\/publica\/wp-json\/wp\/v2\/types\/post"}],"author":[{"embeddable":true,"href":"https:\/\/busot.es\/publica\/wp-json\/wp\/v2\/users\/2"}],"replies":[{"embeddable":true,"href":"https:\/\/busot.es\/publica\/wp-json\/wp\/v2\/comments?post=12838"}],"version-history":[{"count":1,"href":"https:\/\/busot.es\/publica\/wp-json\/wp\/v2\/posts\/12838\/revisions"}],"predecessor-version":[{"id":12839,"href":"https:\/\/busot.es\/publica\/wp-json\/wp\/v2\/posts\/12838\/revisions\/12839"}],"wp:attachment":[{"href":"https:\/\/busot.es\/publica\/wp-json\/wp\/v2\/media?parent=12838"}],"wp:term":[{"taxonomy":"category","embeddable":true,"href":"https:\/\/busot.es\/publica\/wp-json\/wp\/v2\/categories?post=12838"},{"taxonomy":"post_tag","embeddable":true,"href":"https:\/\/busot.es\/publica\/wp-json\/wp\/v2\/tags?post=12838"}],"curies":[{"name":"wp","href":"https:\/\/api.w.org\/{rel}","templated":true}]}}