{"id":12816,"date":"2017-07-22T07:42:49","date_gmt":"2017-07-22T06:42:49","guid":{"rendered":"https:\/\/busot.es\/publica\/?p=12816"},"modified":"2017-07-22T07:53:36","modified_gmt":"2017-07-22T06:53:36","slug":"fiestas-de-san-lorenzo-2017","status":"publish","type":"post","link":"https:\/\/busot.es\/publica\/2017\/07\/22\/fiestas-de-san-lorenzo-2017\/","title":{"rendered":"Fiestas de San Lorenzo 2017"},"content":{"rendered":"<p>Ya est\u00e1n aqu\u00ed como todos los a\u00f1os las Fiestas de San Lorenzo !!! A continuaci\u00f3n os iremos informando de todos los eventos que vamos a realizar &#8230;<\/p>\n<p><strong>Programa <\/strong><a href=\"https:\/\/busot.es\/publica\/wp-content\/uploads\/2017\/07\/programa_festes_busot_2017.pdf\" target=\"_blank\" rel=\"noopener noreferrer\">(descargar en PDF)<\/a><\/p>\n<p><a href=\"https:\/\/busot.es\/publica\/wp-content\/uploads\/2017\/07\/420x210-SanLorenzo-2017-A.jpg\"><img loading=\"lazy\" decoding=\"async\" class=\"aligncenter size-large wp-image-12817\" src=\"https:\/\/busot.es\/publica\/wp-content\/uploads\/2017\/07\/420x210-SanLorenzo-2017-A-1024x512.jpg\" alt=\"San Lorenzo 2017\" width=\"669\" height=\"335\" srcset=\"https:\/\/busot.es\/publica\/wp-content\/uploads\/2017\/07\/420x210-SanLorenzo-2017-A-1024x512.jpg 1024w, https:\/\/busot.es\/publica\/wp-content\/uploads\/2017\/07\/420x210-SanLorenzo-2017-A-300x150.jpg 300w, https:\/\/busot.es\/publica\/wp-content\/uploads\/2017\/07\/420x210-SanLorenzo-2017-A-768x384.jpg 768w, https:\/\/busot.es\/publica\/wp-content\/uploads\/2017\/07\/420x210-SanLorenzo-2017-A.jpg 1240w\" sizes=\"(max-width: 669px) 100vw, 669px\" \/><\/a><\/p>\n<p><a href=\"https:\/\/busot.es\/publica\/wp-content\/uploads\/2017\/07\/420x210-SanLorenzo-2017-B.jpg\"><img loading=\"lazy\" decoding=\"async\" class=\"aligncenter size-large wp-image-12818\" src=\"https:\/\/busot.es\/publica\/wp-content\/uploads\/2017\/07\/420x210-SanLorenzo-2017-B-1024x512.jpg\" alt=\"San Lorenzo 2017\" width=\"669\" height=\"335\" srcset=\"https:\/\/busot.es\/publica\/wp-content\/uploads\/2017\/07\/420x210-SanLorenzo-2017-B-1024x512.jpg 1024w, https:\/\/busot.es\/publica\/wp-content\/uploads\/2017\/07\/420x210-SanLorenzo-2017-B-300x150.jpg 300w, https:\/\/busot.es\/publica\/wp-content\/uploads\/2017\/07\/420x210-SanLorenzo-2017-B-768x384.jpg 768w, https:\/\/busot.es\/publica\/wp-content\/uploads\/2017\/07\/420x210-SanLorenzo-2017-B.jpg 1240w\" sizes=\"(max-width: 669px) 100vw, 669px\" \/><\/a><\/p>\n<p><strong>Carpa<\/strong><\/p>\n<ul>\n<li><a href=\"https:\/\/busot.es\/publica\/wp-content\/uploads\/2017\/07\/programa_festes_busot_2017.pdf\" target=\"_blank\" rel=\"noopener noreferrer\">Bando municipal con la informaci\u00f3n sobre la carpa municipal (inscripciones, precios, etc.)<\/a><\/li>\n<\/ul>\n<p><strong>Concurso de tortilla y postre\u00a0<\/strong><\/p>\n<ul>\n<li><a href=\"https:\/\/busot.es\/publica\/wp-content\/uploads\/2017\/07\/concurso-cocina-busot-2017.pdf\" target=\"_blank\" rel=\"noopener noreferrer\">Bases del concurso<\/a><\/li>\n<li><a href=\"https:\/\/busot.es\/publica\/wp-content\/uploads\/2017\/07\/concurso-cocina-busot-2017.pdf\" target=\"_blank\" rel=\"noopener noreferrer\">Programa en PDF<\/a><\/li>\n<\/ul>\n<p><a href=\"https:\/\/busot.es\/publica\/wp-content\/uploads\/2017\/07\/1000u_DipticoA4_JornadasGastro-1.jpg\"><img loading=\"lazy\" decoding=\"async\" class=\"aligncenter size-large wp-image-12823\" src=\"https:\/\/busot.es\/publica\/wp-content\/uploads\/2017\/07\/1000u_DipticoA4_JornadasGastro-1-1024x727.jpg\" alt=\"Diptico Jornadas Gastronomicas\" width=\"669\" height=\"475\" srcset=\"https:\/\/busot.es\/publica\/wp-content\/uploads\/2017\/07\/1000u_DipticoA4_JornadasGastro-1-1024x727.jpg 1024w, https:\/\/busot.es\/publica\/wp-content\/uploads\/2017\/07\/1000u_DipticoA4_JornadasGastro-1-300x214.jpg 300w, https:\/\/busot.es\/publica\/wp-content\/uploads\/2017\/07\/1000u_DipticoA4_JornadasGastro-1-768x545.jpg 768w, https:\/\/busot.es\/publica\/wp-content\/uploads\/2017\/07\/1000u_DipticoA4_JornadasGastro-1.jpg 1240w\" sizes=\"(max-width: 669px) 100vw, 669px\" \/><\/a><\/p>\n<p><a href=\"https:\/\/busot.es\/publica\/wp-content\/uploads\/2017\/07\/1000u_DipticoA4_JornadasGastro-2.jpg\"><img loading=\"lazy\" decoding=\"async\" class=\"aligncenter size-large wp-image-12824\" src=\"https:\/\/busot.es\/publica\/wp-content\/uploads\/2017\/07\/1000u_DipticoA4_JornadasGastro-2-1024x727.jpg\" alt=\"Diptico Jornadas Gastronomicas\" width=\"669\" height=\"475\" srcset=\"https:\/\/busot.es\/publica\/wp-content\/uploads\/2017\/07\/1000u_DipticoA4_JornadasGastro-2-1024x727.jpg 1024w, https:\/\/busot.es\/publica\/wp-content\/uploads\/2017\/07\/1000u_DipticoA4_JornadasGastro-2-300x214.jpg 300w, https:\/\/busot.es\/publica\/wp-content\/uploads\/2017\/07\/1000u_DipticoA4_JornadasGastro-2-768x545.jpg 768w, https:\/\/busot.es\/publica\/wp-content\/uploads\/2017\/07\/1000u_DipticoA4_JornadasGastro-2.jpg 1240w\" sizes=\"(max-width: 669px) 100vw, 669px\" \/><\/a><\/p>\n","protected":false},"excerpt":{"rendered":"<p>Ya est\u00e1n aqu\u00ed como todos los a\u00f1os las Fiestas de San Lorenzo !!! A continuaci\u00f3n os iremos informando de todos los eventos que vamos a realizar &#8230; Programa (descargar en PDF) Carpa Bando municipal con la informaci\u00f3n sobre la carpa municipal (inscripciones, precios, etc.) Concurso de tortilla y postre\u00a0 Bases del concurso Programa en PDF<\/p>\n","protected":false},"author":3,"featured_media":0,"comment_status":"open","ping_status":"closed","sticky":true,"template":"","format":"standard","meta":{"_monsterinsights_skip_tracking":false,"_monsterinsights_sitenote_active":false,"_monsterinsights_sitenote_note":"","_monsterinsights_sitenote_category":0,"footnotes":""},"categories":[38],"tags":[],"_links":{"self":[{"href":"https:\/\/busot.es\/publica\/wp-json\/wp\/v2\/posts\/12816"}],"collection":[{"href":"https:\/\/busot.es\/publica\/wp-json\/wp\/v2\/posts"}],"about":[{"href":"https:\/\/busot.es\/publica\/wp-json\/wp\/v2\/types\/post"}],"author":[{"embeddable":true,"href":"https:\/\/busot.es\/publica\/wp-json\/wp\/v2\/users\/3"}],"replies":[{"embeddable":true,"href":"https:\/\/busot.es\/publica\/wp-json\/wp\/v2\/comments?post=12816"}],"version-history":[{"count":1,"href":"https:\/\/busot.es\/publica\/wp-json\/wp\/v2\/posts\/12816\/revisions"}],"predecessor-version":[{"id":12825,"href":"https:\/\/busot.es\/publica\/wp-json\/wp\/v2\/posts\/12816\/revisions\/12825"}],"wp:attachment":[{"href":"https:\/\/busot.es\/publica\/wp-json\/wp\/v2\/media?parent=12816"}],"wp:term":[{"taxonomy":"category","embeddable":true,"href":"https:\/\/busot.es\/publica\/wp-json\/wp\/v2\/categories?post=12816"},{"taxonomy":"post_tag","embeddable":true,"href":"https:\/\/busot.es\/publica\/wp-json\/wp\/v2\/tags?post=12816"}],"curies":[{"name":"wp","href":"https:\/\/api.w.org\/{rel}","templated":true}]}}