{"id":12636,"date":"2017-05-22T09:57:04","date_gmt":"2017-05-22T08:57:04","guid":{"rendered":"https:\/\/busot.es\/publica\/?p=12636"},"modified":"2017-05-22T09:57:04","modified_gmt":"2017-05-22T08:57:04","slug":"seguimos-con-el-proximo-proyecto-del-centro-de-recepcion-de-visitantes-en-les-coves-de-canelobre-turismo-busot-cuevas-del-canelobre","status":"publish","type":"post","link":"https:\/\/busot.es\/publica\/2017\/05\/22\/seguimos-con-el-proximo-proyecto-del-centro-de-recepcion-de-visitantes-en-les-coves-de-canelobre-turismo-busot-cuevas-del-canelobre\/","title":{"rendered":"Seguimos con el pr\u00f3ximo proyecto del \u00abcentro de recepci\u00f3n de visitantes en les Coves de Canelobre\u00bb Turismo Busot &#8211; Cuevas del Canelobre."},"content":{"rendered":"[ad_1]\nSeguimos con el pr\u00f3ximo proyecto que ser\u00e1 la puesta en marcha del \u00abcentro de recepci\u00f3n de visitantes en les coves de Canelobre\u00bb Turismo Busot &#8211; Cuevas del Canelobre.<br \/>\nEste espacio se ubicar\u00e1 debajo de la plaza del mirador y servir\u00e1 de paso previo a la entrada a las cuevas, sirviendo como centro de informaci\u00f3n y formaci\u00f3n de la historia de Busot y las Cuevas, mostrando adem\u00e1s todo lo que les espera en Busot, comercios, restaurantes, miradores, museos, y lugares de visita.<br \/>\nLa semana pasada, nuestro Alcalde y el concejal de Turismo visitaban el local donde se ubicar\u00e1 este nuevo servicio al visitante para comprobar y decidir algunos detalles.<\/p>\n<p>Seguim amb mes projectes, esta vegada ser\u00e1 el nou centre de recepci\u00f3 de visitants a les coves del canelobre.<br \/>\nEn este espai s&#8217;oferir\u00e1 tota l&#8217;informaci\u00f3 de l&#8217;historia de Busot i les coves, i servir\u00e1 de espai d&#8217;informaci\u00f3 per a que coneguen tot el que ni ha al casc antic del pobl\u00e9, restaurants, comer\u00e7os, miradors, museu, esglesia, Castell, etc&#8230;<br \/>\nL&#8217;alcalde i el regidor de Turisme, visitaren la setmana pasada este nou espai per decidir els ultims detalls.<br \/>\n<a href=\"https:\/\/www.facebook.com\/hashtag\/Busotavanza\">#Busotavanza<\/a> <a href=\"https:\/\/www.facebook.com\/hashtag\/Busotturismo\">#Busotturismo<\/a> <a href=\"https:\/\/www.facebook.com\/hashtag\/Covesdelcanelobre\">#Covesdelcanelobre<\/a><\/p>\n<p><img decoding=\"async\" class=\"wp_automatic_fb_img\" title=\"\" src=\"https:\/\/scontent.xx.fbcdn.net\/v\/t1.0-9\/q83\/s720x720\/18622269_1349432091816294_676670291611975053_n.jpg?oh=4f37a60b1e1a79ea789ed17b9c0887dc&amp;oe=59A2C1A4\" \/><br \/>\n<img decoding=\"async\" class=\"wp_automatic_fb_img\" title=\"\" src=\"https:\/\/scontent.xx.fbcdn.net\/v\/t1.0-9\/q84\/s720x720\/18619912_1349431998482970_5208909577241288679_n.jpg?oh=02b063a5bd82c23fe29ab6fad11dee89&amp;oe=59A8E31D\" \/><br \/>\n<img decoding=\"async\" class=\"wp_automatic_fb_img\" title=\"\" src=\"https:\/\/scontent.xx.fbcdn.net\/v\/t1.0-9\/q86\/s720x720\/18581698_1349431931816310_2441334315825102849_n.jpg?oh=aa2307100cfe25162eeb4abc33e85562&amp;oe=59BBC91B\" \/><br \/>\n<img decoding=\"async\" class=\"wp_automatic_fb_img\" title=\"\" src=\"https:\/\/scontent.xx.fbcdn.net\/v\/t1.0-9\/s720x720\/18556281_1349431821816321_7465940931699576379_n.jpg?oh=5870acdc966335682dfaffd362964e2a&amp;oe=59A350BD\" \/><br \/>\n[ad_2]\n<p><a href=\"https:\/\/www.facebook.com\/135079353251580\/posts\/1349437748482395\">Ver en facebook<\/a><\/p>\n","protected":false},"excerpt":{"rendered":"<p>[ad_1] Seguimos con el pr\u00f3ximo proyecto que ser\u00e1 la puesta en marcha del \u00abcentro de recepci\u00f3n de visitantes en les coves de Canelobre\u00bb Turismo Busot &#8211; Cuevas del Canelobre. Este espacio se ubicar\u00e1 debajo de la plaza del mirador y servir\u00e1 de paso previo a la entrada a las cuevas, sirviendo como centro de informaci\u00f3n [&hellip;]<\/p>\n","protected":false},"author":2,"featured_media":0,"comment_status":"open","ping_status":"closed","sticky":false,"template":"","format":"standard","meta":{"_monsterinsights_skip_tracking":false,"_monsterinsights_sitenote_active":false,"_monsterinsights_sitenote_note":"","_monsterinsights_sitenote_category":0,"footnotes":""},"categories":[38],"tags":[],"_links":{"self":[{"href":"https:\/\/busot.es\/publica\/wp-json\/wp\/v2\/posts\/12636"}],"collection":[{"href":"https:\/\/busot.es\/publica\/wp-json\/wp\/v2\/posts"}],"about":[{"href":"https:\/\/busot.es\/publica\/wp-json\/wp\/v2\/types\/post"}],"author":[{"embeddable":true,"href":"https:\/\/busot.es\/publica\/wp-json\/wp\/v2\/users\/2"}],"replies":[{"embeddable":true,"href":"https:\/\/busot.es\/publica\/wp-json\/wp\/v2\/comments?post=12636"}],"version-history":[{"count":2,"href":"https:\/\/busot.es\/publica\/wp-json\/wp\/v2\/posts\/12636\/revisions"}],"predecessor-version":[{"id":12638,"href":"https:\/\/busot.es\/publica\/wp-json\/wp\/v2\/posts\/12636\/revisions\/12638"}],"wp:attachment":[{"href":"https:\/\/busot.es\/publica\/wp-json\/wp\/v2\/media?parent=12636"}],"wp:term":[{"taxonomy":"category","embeddable":true,"href":"https:\/\/busot.es\/publica\/wp-json\/wp\/v2\/categories?post=12636"},{"taxonomy":"post_tag","embeddable":true,"href":"https:\/\/busot.es\/publica\/wp-json\/wp\/v2\/tags?post=12636"}],"curies":[{"name":"wp","href":"https:\/\/api.w.org\/{rel}","templated":true}]}}