{"id":12592,"date":"2017-05-02T13:35:23","date_gmt":"2017-05-02T12:35:23","guid":{"rendered":"https:\/\/busot.es\/publica\/?p=12592"},"modified":"2017-05-02T13:35:23","modified_gmt":"2017-05-02T12:35:23","slug":"curso-camareroa-de-pisos-para-desempleads-subvencionado-por-la-diputacion-de-alicante","status":"publish","type":"post","link":"https:\/\/busot.es\/publica\/2017\/05\/02\/curso-camareroa-de-pisos-para-desempleads-subvencionado-por-la-diputacion-de-alicante\/","title":{"rendered":"Curso CAMARERO\/A DE PISOS para desemplead@s subvencionado por la  Diputaci\u00f3n de Alicante"},"content":{"rendered":"[ad_1]\nCurso CAMARERO\/A DE PISOS para desemplead@s, subvencionado por la Diputaci\u00f3n de Alicante. El pr\u00f3ximo 16 de mayo comienza, son 30 horas de formaci\u00f3n con pr\u00e1cticas. Inscripci\u00f3n abierta.<\/p>\n<p><a href=\"https:\/\/www.facebook.com\/hashtag\/Busot\">#Busot<\/a> <a href=\"https:\/\/www.facebook.com\/hashtag\/Busotforma\">#Busotforma<\/a> <a href=\"https:\/\/www.facebook.com\/hashtag\/Busotemplea\">#Busotemplea<\/a><\/p>\n<p><img decoding=\"async\" class=\"wp_automatic_fb_img\" title=\"\" src=\"https:\/\/scontent.xx.fbcdn.net\/v\/t1.0-9\/s720x720\/18301001_1331728163586687_5714973105274125827_n.jpg?oh=3eac70f6d52450d8dd73da46d978bd72&amp;oe=5983A5B3\" \/><br \/>\n[ad_2]\n<p><a href=\"https:\/\/www.facebook.com\/135079353251580\/posts\/1331728163586687\">Ver en facebook<\/a><\/p>\n","protected":false},"excerpt":{"rendered":"<p>[ad_1] Curso CAMARERO\/A DE PISOS para desemplead@s, subvencionado por la Diputaci\u00f3n de Alicante. El pr\u00f3ximo 16 de mayo comienza, son 30 horas de formaci\u00f3n con pr\u00e1cticas. Inscripci\u00f3n abierta. #Busot #Busotforma #Busotemplea [ad_2] Ver en facebook<\/p>\n","protected":false},"author":2,"featured_media":0,"comment_status":"open","ping_status":"closed","sticky":false,"template":"","format":"standard","meta":{"_monsterinsights_skip_tracking":false,"_monsterinsights_sitenote_active":false,"_monsterinsights_sitenote_note":"","_monsterinsights_sitenote_category":0,"footnotes":""},"categories":[38],"tags":[],"_links":{"self":[{"href":"https:\/\/busot.es\/publica\/wp-json\/wp\/v2\/posts\/12592"}],"collection":[{"href":"https:\/\/busot.es\/publica\/wp-json\/wp\/v2\/posts"}],"about":[{"href":"https:\/\/busot.es\/publica\/wp-json\/wp\/v2\/types\/post"}],"author":[{"embeddable":true,"href":"https:\/\/busot.es\/publica\/wp-json\/wp\/v2\/users\/2"}],"replies":[{"embeddable":true,"href":"https:\/\/busot.es\/publica\/wp-json\/wp\/v2\/comments?post=12592"}],"version-history":[{"count":1,"href":"https:\/\/busot.es\/publica\/wp-json\/wp\/v2\/posts\/12592\/revisions"}],"predecessor-version":[{"id":12593,"href":"https:\/\/busot.es\/publica\/wp-json\/wp\/v2\/posts\/12592\/revisions\/12593"}],"wp:attachment":[{"href":"https:\/\/busot.es\/publica\/wp-json\/wp\/v2\/media?parent=12592"}],"wp:term":[{"taxonomy":"category","embeddable":true,"href":"https:\/\/busot.es\/publica\/wp-json\/wp\/v2\/categories?post=12592"},{"taxonomy":"post_tag","embeddable":true,"href":"https:\/\/busot.es\/publica\/wp-json\/wp\/v2\/tags?post=12592"}],"curies":[{"name":"wp","href":"https:\/\/api.w.org\/{rel}","templated":true}]}}